{"id":21152,"date":"2017-05-25T17:01:22","date_gmt":"2017-05-25T16:01:22","guid":{"rendered":"http:\/\/fegrama.cat\/web\/?p=21152"},"modified":"2017-05-25T17:01:22","modified_gmt":"2017-05-25T16:01:22","slug":"buscant-la-gloria-a-linfern-de-lloreda","status":"publish","type":"post","link":"http:\/\/fegrama.cat\/web\/buscant-la-gloria-a-linfern-de-lloreda\/","title":{"rendered":"Buscant la gl\u00f2ria a l&#8217;infern de Lloreda"},"content":{"rendered":"<p>El <strong>Primer Equip<\/strong> afronta el seu \u00faltim partit de lliga conscients que guanyant seran equips de Primera Catalana la propera temporada. Els de Dani Andreu sortiran a per totes per complir l&#8217;objectiu que es van marcar a principi de temporada. No ser\u00e0 un cam\u00ed f\u00e0cil, 90 minuts m\u00e9s el temps de prolongaci\u00f3; nervis, tensi\u00f3 i davant un rival en bona din\u00e0mica i que s&#8217;estar\u00e0 jugant molt.<\/p>\n<p style=\"text-align: center;\"><strong>Diumenge a les 12 hores al Municipal de Lloreda (Badalona).<\/strong><\/p>\n<p>El <strong>CF Lloreda<\/strong> ha perdut nom\u00e9s un dels seus \u00faltims sis partits jugats, sumant 13 punts de 18 possibles. Els badalonins buscaran els tres punts a casa per aconseguir la perman\u00e8ncia a la categoria.<\/p>\n<p><a href=\"http:\/\/fegrama.cat\/web\/wp-content\/uploads\/2017\/05\/AMATEUR-1716.jpg\"><img loading=\"lazy\" decoding=\"async\" class=\"aligncenter size-full wp-image-21131\" alt=\"AMATEUR 1716\" src=\"http:\/\/fegrama.cat\/web\/wp-content\/uploads\/2017\/05\/AMATEUR-1716.jpg\" width=\"657\" height=\"353\" srcset=\"http:\/\/fegrama.cat\/web\/wp-content\/uploads\/2017\/05\/AMATEUR-1716.jpg 800w, http:\/\/fegrama.cat\/web\/wp-content\/uploads\/2017\/05\/AMATEUR-1716-300x161.jpg 300w\" sizes=\"auto, (max-width: 657px) 100vw, 657px\" \/><\/a><\/p>\n<p>El <strong>Primer Equipo<\/strong> afronta su \u00faltimo partido de liga conscientes de que ganando ser\u00e1n equipos de Primera Catalana la pr\u00f3xima temporada. Los de Dani Andreu saldr\u00e1n a por todas para cumplir el objetivo que se marcaron a principio de temporada. No ser\u00e1 un camino f\u00e1cil, 90 minutos m\u00e1s el tiempo de prolongaci\u00f3n; nervios, tensi\u00f3n y ante un rival en buena din\u00e1mica y que se estar\u00e1 jugando mucho.<\/p>\n<p style=\"text-align: center;\"><strong>El domingo a las 12 horas en el Municipal de Lloreda (Badalona).<br \/>\n<\/strong><\/p>\n<p>El <strong>CF Lloreda <\/strong>ha perdido solamente uno de sus \u00faltimos seis partidos jugados, sumando 13 puntos de 18 posibles. Los badaloneses buscar\u00e1n los tres puntos en casa para conseguir la permanencia en la categor\u00eda.<\/p>\n","protected":false},"excerpt":{"rendered":"<p>El Primer Equip afronta el seu \u00faltim partit de lliga conscients que guanyant seran equips de Primera Catalana la propera temporada. Els de Dani Andreu sortiran a per totes per complir l&#8217;objectiu que es van marcar a principi de temporada. No ser\u00e0 un cam\u00ed f\u00e0cil, 90 minuts m\u00e9s el temps de prolongaci\u00f3; nervis, tensi\u00f3 i [&hellip;]<\/p>\n","protected":false},"author":1,"featured_media":21131,"comment_status":"closed","ping_status":"closed","sticky":false,"template":"","format":"standard","meta":{"footnotes":""},"categories":[4,5],"tags":[24,66,1107],"class_list":["post-21152","post","type-post","status-publish","format-standard","has-post-thumbnail","hentry","category-base-inclusiu","category-primer-equip","tag-fundacio-esportiva-grama","tag-lloreda","tag-segunda-catalana"],"_links":{"self":[{"href":"http:\/\/fegrama.cat\/web\/wp-json\/wp\/v2\/posts\/21152","targetHints":{"allow":["GET"]}}],"collection":[{"href":"http:\/\/fegrama.cat\/web\/wp-json\/wp\/v2\/posts"}],"about":[{"href":"http:\/\/fegrama.cat\/web\/wp-json\/wp\/v2\/types\/post"}],"author":[{"embeddable":true,"href":"http:\/\/fegrama.cat\/web\/wp-json\/wp\/v2\/users\/1"}],"replies":[{"embeddable":true,"href":"http:\/\/fegrama.cat\/web\/wp-json\/wp\/v2\/comments?post=21152"}],"version-history":[{"count":3,"href":"http:\/\/fegrama.cat\/web\/wp-json\/wp\/v2\/posts\/21152\/revisions"}],"predecessor-version":[{"id":21178,"href":"http:\/\/fegrama.cat\/web\/wp-json\/wp\/v2\/posts\/21152\/revisions\/21178"}],"wp:featuredmedia":[{"embeddable":true,"href":"http:\/\/fegrama.cat\/web\/wp-json\/wp\/v2\/media\/21131"}],"wp:attachment":[{"href":"http:\/\/fegrama.cat\/web\/wp-json\/wp\/v2\/media?parent=21152"}],"wp:term":[{"taxonomy":"category","embeddable":true,"href":"http:\/\/fegrama.cat\/web\/wp-json\/wp\/v2\/categories?post=21152"},{"taxonomy":"post_tag","embeddable":true,"href":"http:\/\/fegrama.cat\/web\/wp-json\/wp\/v2\/tags?post=21152"}],"curies":[{"name":"wp","href":"https:\/\/api.w.org\/{rel}","templated":true}]}}