{"id":21091,"date":"2017-05-21T19:44:30","date_gmt":"2017-05-21T18:44:30","guid":{"rendered":"http:\/\/fegrama.cat\/web\/?p=21091"},"modified":"2017-05-21T21:08:17","modified_gmt":"2017-05-21T20:08:17","slug":"derrota-de-lalevi-c-pero-salvacio-aconseguida","status":"publish","type":"post","link":"http:\/\/fegrama.cat\/web\/derrota-de-lalevi-c-pero-salvacio-aconseguida\/","title":{"rendered":"Derrota de l&#8217;Alev\u00ed C per\u00f2 salvaci\u00f3 aconseguida"},"content":{"rendered":"<p>L&#8217;Alev\u00ed C va caure derrotat 4-0 davant l&#8217;EF Matar\u00f3 C, equip que va matar al contraatac. Tot i la derrota la Fundaci\u00f3 aconsegueix la perman\u00e8ncia a Primera gr\u00e0cies a la derrota del Premi\u00e0.<\/p>\n<p>La Grama va plantejar el partit amb pressi\u00f3 alta i amb intenci\u00f3 de portar la iniciativa obligant al rival a no jugar. Bon primer quart dels colomencs, dominant per\u00f2 sense sort de cara a gol. En el segon quart el Matar\u00f3 va sorprendre la Grama amb un travesser i fent el primer gol del xoc.<\/p>\n<p>Mala segona meitat dels blaus que no van poder davant un Matar\u00f3 que va ser capa\u00e7 de marcar tres gols m\u00e9s.<\/p>\n<p><img loading=\"lazy\" decoding=\"async\" class=\"aligncenter\" alt=\"IMG-20161015-WA0011\" src=\"http:\/\/fegrama.cat\/web\/wp-content\/uploads\/2016\/10\/IMG-20161015-WA0011.jpg\" width=\"717\" height=\"403\" \/><\/p>\n<p>El Alev\u00edn C cay\u00f3 derrotado 4-0 ante la EF Matar\u00f3 C, equipo que mat\u00f3 al contraataque. Pese a la derrota la Fundaci\u00f3 consigue la permanencia en Primera gracias a la derrota del Premi\u00e0.<\/p>\n<p>La Grama plante\u00f3 el partido con presi\u00f3n alta y con intenci\u00f3n de llevar la iniciativa obligando al rival a no jugar. Buen primer cuarto de los colomenses, dominando pero sin suerte de cara a gol. En el segundo cuarto el Matar\u00f3 sorprendi\u00f3 a la Grama con un larguero y haciendo el primer gol del choque.<\/p>\n<p>Mala segunda mitad de los azules que no pudieron ante un Matar\u00f3 que fue capaz de marcar tres goles m\u00e1s.<\/p>\n","protected":false},"excerpt":{"rendered":"<p>L&#8217;Alev\u00ed C va caure derrotat 4-0 davant l&#8217;EF Matar\u00f3 C, equip que va matar al contraatac. Tot i la derrota la Fundaci\u00f3 aconsegueix la perman\u00e8ncia a Primera gr\u00e0cies a la derrota del Premi\u00e0. La Grama va plantejar el partit amb pressi\u00f3 alta i amb intenci\u00f3 de portar la iniciativa obligant al rival a no jugar. [&hellip;]<\/p>\n","protected":false},"author":1,"featured_media":0,"comment_status":"closed","ping_status":"closed","sticky":false,"template":"","format":"standard","meta":{"footnotes":""},"categories":[10,4],"tags":[],"class_list":["post-21091","post","type-post","status-publish","format-standard","hentry","category-alevins","category-base-inclusiu"],"_links":{"self":[{"href":"http:\/\/fegrama.cat\/web\/wp-json\/wp\/v2\/posts\/21091","targetHints":{"allow":["GET"]}}],"collection":[{"href":"http:\/\/fegrama.cat\/web\/wp-json\/wp\/v2\/posts"}],"about":[{"href":"http:\/\/fegrama.cat\/web\/wp-json\/wp\/v2\/types\/post"}],"author":[{"embeddable":true,"href":"http:\/\/fegrama.cat\/web\/wp-json\/wp\/v2\/users\/1"}],"replies":[{"embeddable":true,"href":"http:\/\/fegrama.cat\/web\/wp-json\/wp\/v2\/comments?post=21091"}],"version-history":[{"count":1,"href":"http:\/\/fegrama.cat\/web\/wp-json\/wp\/v2\/posts\/21091\/revisions"}],"predecessor-version":[{"id":21092,"href":"http:\/\/fegrama.cat\/web\/wp-json\/wp\/v2\/posts\/21091\/revisions\/21092"}],"wp:attachment":[{"href":"http:\/\/fegrama.cat\/web\/wp-json\/wp\/v2\/media?parent=21091"}],"wp:term":[{"taxonomy":"category","embeddable":true,"href":"http:\/\/fegrama.cat\/web\/wp-json\/wp\/v2\/categories?post=21091"},{"taxonomy":"post_tag","embeddable":true,"href":"http:\/\/fegrama.cat\/web\/wp-json\/wp\/v2\/tags?post=21091"}],"curies":[{"name":"wp","href":"https:\/\/api.w.org\/{rel}","templated":true}]}}