{"id":21079,"date":"2017-05-21T19:09:22","date_gmt":"2017-05-21T18:09:22","guid":{"rendered":"http:\/\/fegrama.cat\/web\/?p=21079"},"modified":"2017-05-21T19:09:22","modified_gmt":"2017-05-21T18:09:22","slug":"el-cadet-c-va-caure-davant-del-campio","status":"publish","type":"post","link":"http:\/\/fegrama.cat\/web\/el-cadet-c-va-caure-davant-del-campio\/","title":{"rendered":"El Cadet C va caure davant del campi\u00f3"},"content":{"rendered":"<p>El Cadet C va caure en un cruel desenlla\u00e7. La UE Sants B, campi\u00f3 de lliga, es va imposar 2-3.<\/p>\n<p>Primera part per al Sants que va tenir m\u00e9s possessi\u00f3 de pilota que la Grama i tamb\u00e9 un gran encert de cara a porta marcant les dues \u00faniques ocasions que van tenir. El gui\u00f3 va canviar en la segona meitat, els colomencs van reaccionar empatant el xoc. El desenlla\u00e7 va ser pol\u00e8mic amb un gol molt pol\u00e8mic, l&#8217;\u00e0rbitre va concedir el 2-3 en no veure una falta sobre el porter a la sortida d&#8217;un c\u00f3rner.<\/p>\n<p>El m\u00e9s just hauria estat un empat per\u00f2 aix\u00ed \u00e9s el futbol, no sempre \u00e9s just.<\/p>\n<div><a href=\"http:\/\/fegrama.cat\/web\/wp-content\/uploads\/2016\/10\/cadC.jpg\"><img loading=\"lazy\" decoding=\"async\" class=\"aligncenter\" alt=\"cadC\" src=\"http:\/\/fegrama.cat\/web\/wp-content\/uploads\/2016\/10\/cadC.jpg\" width=\"672\" height=\"504\" \/><\/a><strong><\/strong><\/div>\n<div><\/div>\n<div><strong><\/strong>El Cadete C cay\u00f3 en un cruel desenlace. La UE Sants B, campe\u00f3n de liga, se impuso 2-3.<\/div>\n<div><\/div>\n<div>Primera parte para el Sants que tuvo mayor posesi\u00f3n de bal\u00f3n que la Grama y tambi\u00e9n un gran acierto de cara a puerta marcando las dos \u00fanicas ocasiones que tuvieron. El gui\u00f3n cambi\u00f3 en la segunda mitad, los colomenses reaccionaron empatando el choque. El desenlace fue pol\u00e9mico con un gol muy pol\u00e9mico, el \u00e1rbitro concedi\u00f3 el 2-3 al no ver una falta sobre el portero en la salida de un c\u00f3rner.<\/div>\n<div><\/div>\n<div>Lo m\u00e1s justo hubiera sido un empate pero as\u00ed es el f\u00fatbol, no siempre es justo.<\/div>\n","protected":false},"excerpt":{"rendered":"<p>El Cadet C va caure en un cruel desenlla\u00e7. La UE Sants B, campi\u00f3 de lliga, es va imposar 2-3. Primera part per al Sants que va tenir m\u00e9s possessi\u00f3 de pilota que la Grama i tamb\u00e9 un gran encert de cara a porta marcant les dues \u00faniques ocasions que van tenir. El gui\u00f3 va [&hellip;]<\/p>\n","protected":false},"author":1,"featured_media":17847,"comment_status":"closed","ping_status":"closed","sticky":false,"template":"","format":"standard","meta":{"footnotes":""},"categories":[4,7],"tags":[24,1145],"class_list":["post-21079","post","type-post","status-publish","format-standard","has-post-thumbnail","hentry","category-base-inclusiu","category-cadets","tag-fundacio-esportiva-grama","tag-municipal-de-la-grama"],"_links":{"self":[{"href":"http:\/\/fegrama.cat\/web\/wp-json\/wp\/v2\/posts\/21079","targetHints":{"allow":["GET"]}}],"collection":[{"href":"http:\/\/fegrama.cat\/web\/wp-json\/wp\/v2\/posts"}],"about":[{"href":"http:\/\/fegrama.cat\/web\/wp-json\/wp\/v2\/types\/post"}],"author":[{"embeddable":true,"href":"http:\/\/fegrama.cat\/web\/wp-json\/wp\/v2\/users\/1"}],"replies":[{"embeddable":true,"href":"http:\/\/fegrama.cat\/web\/wp-json\/wp\/v2\/comments?post=21079"}],"version-history":[{"count":1,"href":"http:\/\/fegrama.cat\/web\/wp-json\/wp\/v2\/posts\/21079\/revisions"}],"predecessor-version":[{"id":21080,"href":"http:\/\/fegrama.cat\/web\/wp-json\/wp\/v2\/posts\/21079\/revisions\/21080"}],"wp:featuredmedia":[{"embeddable":true,"href":"http:\/\/fegrama.cat\/web\/wp-json\/wp\/v2\/media\/17847"}],"wp:attachment":[{"href":"http:\/\/fegrama.cat\/web\/wp-json\/wp\/v2\/media?parent=21079"}],"wp:term":[{"taxonomy":"category","embeddable":true,"href":"http:\/\/fegrama.cat\/web\/wp-json\/wp\/v2\/categories?post=21079"},{"taxonomy":"post_tag","embeddable":true,"href":"http:\/\/fegrama.cat\/web\/wp-json\/wp\/v2\/tags?post=21079"}],"curies":[{"name":"wp","href":"https:\/\/api.w.org\/{rel}","templated":true}]}}