{"id":21075,"date":"2017-05-21T17:20:28","date_gmt":"2017-05-21T16:20:28","guid":{"rendered":"http:\/\/fegrama.cat\/web\/?p=21075"},"modified":"2017-05-21T18:36:02","modified_gmt":"2017-05-21T17:36:02","slug":"linfantil-c-va-caure-al-guinardo","status":"publish","type":"post","link":"http:\/\/fegrama.cat\/web\/linfantil-c-va-caure-al-guinardo\/","title":{"rendered":"L&#8217;Infantil C va caure al Guinard\u00f3"},"content":{"rendered":"<p>L&#8217;Infantil C va caure derrotat 5-2 davant el FC Martinenc C, equip que li avan\u00e7a a la classificaci\u00f3.<\/p>\n<p>Primera part igualada on la Grama va intentar sortir jugant i el Martinenc es va tancar i amb marcatges a l&#8217;home el posaria molt dif\u00edcil. Es va avan\u00e7ar l&#8217;equip local amb una falta llunyana des de la frontal. La Grama no es va enfonsar i en un c\u00f3rner van igualar, i abans del descans en una bona jugada combinativa van fer l&#8217;1-2.<\/p>\n<p>A la segona meitat el xoc va ser semblant per\u00f2 els errors en la sortida de pilota i la falta de contund\u00e8ncia defensiva van ser aprofitats pels locals. La Grama amb diferents canvis es va animar per\u00f2 al contraatac van arribar dos gols m\u00e9s del Martinenc.<\/p>\n<div><a href=\"http:\/\/fegrama.cat\/web\/wp-content\/uploads\/2016\/12\/IC.jpg\"><img loading=\"lazy\" decoding=\"async\" class=\"aligncenter\" alt=\"IC\" src=\"http:\/\/fegrama.cat\/web\/wp-content\/uploads\/2016\/12\/IC.jpg\" width=\"560\" height=\"503\" \/><\/a><strong><\/strong><\/div>\n<p>El Infantil C cay\u00f3 derrotado 5-2 ante el FC Martinenc C, equipo que le adelanta en la clasificaci\u00f3n.<\/p>\n<p>Primera parte igualada donde la Grama intent\u00f3 salir jugando y el Martinenc se encerr\u00f3 y con marcajes al hombre lo pondr\u00eda muy dif\u00edcil. Se adelant\u00f3 el equipo local con una falta lejana desde la frontal. La Grama no se vino abajo y en un c\u00f3rner igualaron, y antes del descanso en una buena jugada combinativa hicieron el 1-2.<\/p>\n<p>En la segunda mitad el choque fue parecido pero los errores en la salida de bal\u00f3n y la falta de contundencia defensiva fueron aprovechados por los locales. La Grama con diferentes cambios se vino arriba pero al contraataque llegaron dos goles m\u00e1s del Martinenc.<\/p>\n","protected":false},"excerpt":{"rendered":"<p>L&#8217;Infantil C va caure derrotat 5-2 davant el FC Martinenc C, equip que li avan\u00e7a a la classificaci\u00f3. Primera part igualada on la Grama va intentar sortir jugant i el Martinenc es va tancar i amb marcatges a l&#8217;home el posaria molt dif\u00edcil. Es va avan\u00e7ar l&#8217;equip local amb una falta llunyana des de la [&hellip;]<\/p>\n","protected":false},"author":1,"featured_media":18734,"comment_status":"closed","ping_status":"closed","sticky":false,"template":"","format":"standard","meta":{"footnotes":""},"categories":[4,9],"tags":[],"class_list":["post-21075","post","type-post","status-publish","format-standard","has-post-thumbnail","hentry","category-base-inclusiu","category-infantils"],"_links":{"self":[{"href":"http:\/\/fegrama.cat\/web\/wp-json\/wp\/v2\/posts\/21075","targetHints":{"allow":["GET"]}}],"collection":[{"href":"http:\/\/fegrama.cat\/web\/wp-json\/wp\/v2\/posts"}],"about":[{"href":"http:\/\/fegrama.cat\/web\/wp-json\/wp\/v2\/types\/post"}],"author":[{"embeddable":true,"href":"http:\/\/fegrama.cat\/web\/wp-json\/wp\/v2\/users\/1"}],"replies":[{"embeddable":true,"href":"http:\/\/fegrama.cat\/web\/wp-json\/wp\/v2\/comments?post=21075"}],"version-history":[{"count":1,"href":"http:\/\/fegrama.cat\/web\/wp-json\/wp\/v2\/posts\/21075\/revisions"}],"predecessor-version":[{"id":21076,"href":"http:\/\/fegrama.cat\/web\/wp-json\/wp\/v2\/posts\/21075\/revisions\/21076"}],"wp:featuredmedia":[{"embeddable":true,"href":"http:\/\/fegrama.cat\/web\/wp-json\/wp\/v2\/media\/18734"}],"wp:attachment":[{"href":"http:\/\/fegrama.cat\/web\/wp-json\/wp\/v2\/media?parent=21075"}],"wp:term":[{"taxonomy":"category","embeddable":true,"href":"http:\/\/fegrama.cat\/web\/wp-json\/wp\/v2\/categories?post=21075"},{"taxonomy":"post_tag","embeddable":true,"href":"http:\/\/fegrama.cat\/web\/wp-json\/wp\/v2\/tags?post=21075"}],"curies":[{"name":"wp","href":"https:\/\/api.w.org\/{rel}","templated":true}]}}