{"id":21069,"date":"2017-05-21T19:15:56","date_gmt":"2017-05-21T18:15:56","guid":{"rendered":"http:\/\/fegrama.cat\/web\/?p=21069"},"modified":"2017-05-21T19:21:42","modified_gmt":"2017-05-21T18:21:42","slug":"el-cadet-b-va-caure-a-badalona","status":"publish","type":"post","link":"http:\/\/fegrama.cat\/web\/el-cadet-b-va-caure-a-badalona\/","title":{"rendered":"El Cadet B va caure a Badalona"},"content":{"rendered":"<p>El Cadet B no va poder puntuar davant el CF Lloreda, el resultat final va ser un ajustat 3-2.<\/p>\n<p>Primers quinze minuts amb la Grama tenint la possessi\u00f3 de la pilota mentre els locals es trobaven replegats al seu camp. Alex de penal va avan\u00e7ar als blaus i el Lloreda va empatar aprofitant el rebuig d&#8217;una falta que va anar al travesser. Abans del descans encara quedaven per veure dos gols, primer Pau definint molt b\u00e9 al costat del pal i de falta va arribar el 2-2.<\/p>\n<p>A la segona meitat va seguir la mateixa din\u00e0mica. Els locals traient r\u00e0pid una falta van fer el 3-2. Els colomencs van buscar l&#8217;empat per\u00f2 no van tenir sort. A destacar que el porter de la Grama va aturar un penal mantenint viu el seu equip fins al final.<\/p>\n<p><a href=\"http:\/\/fegrama.cat\/web\/wp-content\/uploads\/2016\/11\/CB.jpg\"><img loading=\"lazy\" decoding=\"async\" class=\"aligncenter\" alt=\"CB\" src=\"http:\/\/fegrama.cat\/web\/wp-content\/uploads\/2016\/11\/CB.jpg\" width=\"624\" height=\"494\" \/><\/a><\/p>\n<p>El Cadete B no pudo puntuar ante el CF Lloreda, el resultado final fue un ajustado 3-2.<\/p>\n<p>Primeros quince minutos con la Grama teniendo la posesi\u00f3n del bal\u00f3n mientras los locales se encontraban replegados en su campo. Alex de penalti adelant\u00f3 a los azules y el Lloreda empat\u00f3 aprovechando el rechace de una falta que se fue al larguero. Antes del descanso todav\u00eda quedaban por ver dos goles, primero Pau definiendo muy bien al lado del palo y de falta lleg\u00f3 el 2-2.<\/p>\n<p>En la segunda mitad sigui\u00f3 la misma din\u00e1mica. Los locales sacando r\u00e1pido una falta hizo el 3-2. Los colomenses buscaron el empate pero no tuvieron suerte. A destacar que el portero de la Grama par\u00f3 un penalti manteniendo vivo a su equipo hasta el final.<\/p>\n","protected":false},"excerpt":{"rendered":"<p>El Cadet B no va poder puntuar davant el CF Lloreda, el resultat final va ser un ajustat 3-2. Primers quinze minuts amb la Grama tenint la possessi\u00f3 de la pilota mentre els locals es trobaven replegats al seu camp. Alex de penal va avan\u00e7ar als blaus i el Lloreda va empatar aprofitant el rebuig [&hellip;]<\/p>\n","protected":false},"author":1,"featured_media":18379,"comment_status":"closed","ping_status":"closed","sticky":false,"template":"","format":"standard","meta":{"footnotes":""},"categories":[4,7],"tags":[],"class_list":["post-21069","post","type-post","status-publish","format-standard","has-post-thumbnail","hentry","category-base-inclusiu","category-cadets"],"_links":{"self":[{"href":"http:\/\/fegrama.cat\/web\/wp-json\/wp\/v2\/posts\/21069","targetHints":{"allow":["GET"]}}],"collection":[{"href":"http:\/\/fegrama.cat\/web\/wp-json\/wp\/v2\/posts"}],"about":[{"href":"http:\/\/fegrama.cat\/web\/wp-json\/wp\/v2\/types\/post"}],"author":[{"embeddable":true,"href":"http:\/\/fegrama.cat\/web\/wp-json\/wp\/v2\/users\/1"}],"replies":[{"embeddable":true,"href":"http:\/\/fegrama.cat\/web\/wp-json\/wp\/v2\/comments?post=21069"}],"version-history":[{"count":1,"href":"http:\/\/fegrama.cat\/web\/wp-json\/wp\/v2\/posts\/21069\/revisions"}],"predecessor-version":[{"id":21070,"href":"http:\/\/fegrama.cat\/web\/wp-json\/wp\/v2\/posts\/21069\/revisions\/21070"}],"wp:featuredmedia":[{"embeddable":true,"href":"http:\/\/fegrama.cat\/web\/wp-json\/wp\/v2\/media\/18379"}],"wp:attachment":[{"href":"http:\/\/fegrama.cat\/web\/wp-json\/wp\/v2\/media?parent=21069"}],"wp:term":[{"taxonomy":"category","embeddable":true,"href":"http:\/\/fegrama.cat\/web\/wp-json\/wp\/v2\/categories?post=21069"},{"taxonomy":"post_tag","embeddable":true,"href":"http:\/\/fegrama.cat\/web\/wp-json\/wp\/v2\/tags?post=21069"}],"curies":[{"name":"wp","href":"https:\/\/api.w.org\/{rel}","templated":true}]}}