{"id":21062,"date":"2017-05-21T17:34:54","date_gmt":"2017-05-21T16:34:54","guid":{"rendered":"http:\/\/fegrama.cat\/web\/?p=21062"},"modified":"2017-05-21T17:34:54","modified_gmt":"2017-05-21T16:34:54","slug":"golejada-del-futsal-grama-a-sant-cugat","status":"publish","type":"post","link":"http:\/\/fegrama.cat\/web\/golejada-del-futsal-grama-a-sant-cugat\/","title":{"rendered":"Golejada del Futsal Grama a Sant Cugat"},"content":{"rendered":"<p>El Futsal Grama va demostrar la seva superioritat en guanyar 2-7 el Sant Cugat FS.<\/p>\n<p>Primera part molt igualada per\u00f2 els gols d&#8217;Albert Lozano i Jordi \u00c1lvarez van remuntar el gol inicial del Sant Cugat. A la segona meitat la falta d&#8217;intensitat de la Grama va ser corregida, es va veure una altra cara, molt m\u00e9s intensos i ordenats. El bon treball s&#8217;acabaria reflectint en un resultat volumin\u00f3s.<\/p>\n<p>A la segona meitat van marcar: Fran G\u00f3mez, David G\u00e1lvez en dues ocasions, Abel Cuadrado i David Mart\u00ednez.<\/p>\n<p><a href=\"http:\/\/fegrama.cat\/web\/wp-content\/uploads\/2016\/08\/futsalgrama.jpg\"><img loading=\"lazy\" decoding=\"async\" class=\"aligncenter\" alt=\"futsalgrama\" src=\"http:\/\/fegrama.cat\/web\/wp-content\/uploads\/2016\/08\/futsalgrama.jpg\" width=\"560\" height=\"509\" \/><\/a><\/p>\n<p>El Futsal Grama demostr\u00f3 su superioridad al ganar 2-7 al Sant Cugat FS.<\/p>\n<p>Primera parte muy igualada pero los goles de Albert Lozano y Jordi \u00c1lvarez remontaron el gol inicial del Sant Cugat. En la segunda mitad la falta de intensidad de la Grama fue corregida, se vio otra cara, mucho m\u00e1s intensos y ordenados. El buen trabajo se acabar\u00eda reflejando en un resultado abultado.<\/p>\n<p>En la segunda mitad marcaron: Fran G\u00f3mez, David G\u00e1lvez en dos ocasiones, Abel Cuadrado y David Mart\u00ednez.<\/p>\n","protected":false},"excerpt":{"rendered":"<p>El Futsal Grama va demostrar la seva superioritat en guanyar 2-7 el Sant Cugat FS. Primera part molt igualada per\u00f2 els gols d&#8217;Albert Lozano i Jordi \u00c1lvarez van remuntar el gol inicial del Sant Cugat. A la segona meitat la falta d&#8217;intensitat de la Grama va ser corregida, es va veure una altra cara, molt [&hellip;]<\/p>\n","protected":false},"author":1,"featured_media":17377,"comment_status":"closed","ping_status":"closed","sticky":false,"template":"","format":"standard","meta":{"footnotes":""},"categories":[4,1106],"tags":[],"class_list":["post-21062","post","type-post","status-publish","format-standard","has-post-thumbnail","hentry","category-base-inclusiu","category-futbol-sala-2"],"_links":{"self":[{"href":"http:\/\/fegrama.cat\/web\/wp-json\/wp\/v2\/posts\/21062","targetHints":{"allow":["GET"]}}],"collection":[{"href":"http:\/\/fegrama.cat\/web\/wp-json\/wp\/v2\/posts"}],"about":[{"href":"http:\/\/fegrama.cat\/web\/wp-json\/wp\/v2\/types\/post"}],"author":[{"embeddable":true,"href":"http:\/\/fegrama.cat\/web\/wp-json\/wp\/v2\/users\/1"}],"replies":[{"embeddable":true,"href":"http:\/\/fegrama.cat\/web\/wp-json\/wp\/v2\/comments?post=21062"}],"version-history":[{"count":1,"href":"http:\/\/fegrama.cat\/web\/wp-json\/wp\/v2\/posts\/21062\/revisions"}],"predecessor-version":[{"id":21063,"href":"http:\/\/fegrama.cat\/web\/wp-json\/wp\/v2\/posts\/21062\/revisions\/21063"}],"wp:featuredmedia":[{"embeddable":true,"href":"http:\/\/fegrama.cat\/web\/wp-json\/wp\/v2\/media\/17377"}],"wp:attachment":[{"href":"http:\/\/fegrama.cat\/web\/wp-json\/wp\/v2\/media?parent=21062"}],"wp:term":[{"taxonomy":"category","embeddable":true,"href":"http:\/\/fegrama.cat\/web\/wp-json\/wp\/v2\/categories?post=21062"},{"taxonomy":"post_tag","embeddable":true,"href":"http:\/\/fegrama.cat\/web\/wp-json\/wp\/v2\/tags?post=21062"}],"curies":[{"name":"wp","href":"https:\/\/api.w.org\/{rel}","templated":true}]}}