{"id":21060,"date":"2017-05-21T17:30:00","date_gmt":"2017-05-21T16:30:00","guid":{"rendered":"http:\/\/fegrama.cat\/web\/?p=21060"},"modified":"2017-05-21T17:30:00","modified_gmt":"2017-05-21T16:30:00","slug":"linfantil-b-va-empatar-a-casa-2","status":"publish","type":"post","link":"http:\/\/fegrama.cat\/web\/linfantil-b-va-empatar-a-casa-2\/","title":{"rendered":"L&#8217;Infantil B va empatar a casa"},"content":{"rendered":"<p>L&#8217;Infantil B va sumar un empat (2-2) davant un combatiu CP Sarri\u00e0 B.<\/p>\n<p>La Fundaci\u00f3 va saltar al terreny de joc molt endollada, amb moltes ganes i aquest esfor\u00e7 inicial va tenir recompensa. Al minut 9 els de casa guanyaven 2-0. Els colomencs van tenir ocasions per ampliar per\u00f2 el gol es va resistir i abans del descans en una fallada defensiva encaixarien el 2-1 en una falta llunyana.<\/p>\n<p>A la segona meitat els blaus van baixar una mica el ritme per\u00f2 van seguir dominant. El Sarri\u00e0 aconseguiria el 2-2 en els primers 20 minuts del segon temps, i \u00e9s que ells es jugaven el descens i necessitaven m\u00e9s aix\u00ed que van pujar l\u00ednies. Els colomencs es van haver de defensar per\u00f2 tamb\u00e9 van tenir ocasions, finalment el gol no va arribar per part de cap equip i l&#8217;empat es va quedar al Municipal de la Grama.<\/p>\n<p><a href=\"http:\/\/fegrama.cat\/web\/wp-content\/uploads\/2017\/04\/IMG-20170415-WA0018.jpg\"><img loading=\"lazy\" decoding=\"async\" class=\"aligncenter\" alt=\"IMG-20170415-WA0018\" src=\"http:\/\/fegrama.cat\/web\/wp-content\/uploads\/2017\/04\/IMG-20170415-WA0018-1024x768.jpg\" width=\"561\" height=\"421\" \/><\/a><strong><\/strong><\/p>\n<p>El Infantil B sum\u00f3 un empate (2-2) ante un combativo CP Sarri\u00e0 B.<\/p>\n<p>La Fundaci\u00f3 salt\u00f3 al terreno de juego muy enchufada, con muchas ganas y ese esfuerzo inicial tuvo recompensa. En el minuto 9 los de casa ganaban 2-0. Los colomenses tuvieron ocasiones para ampliar pero el gol se resisti\u00f3 y antes del descanso en un fallo defensivo encajar\u00edan el 2-1 en una falta lejana.<\/p>\n<p>En la segunda mitad los azules bajaron un poquito el ritmo pero siguieron dominando. El Sarri\u00e0 conseguir\u00eda el 2-2 en los primeros 20 minutos del segundo tiempo, y es que ellos se jugaban el descenso y necesitaban m\u00e1s as\u00ed que subieron l\u00edneas. Los colomenses se tuvieron que defender pero tambi\u00e9n tuvieron ocasiones, finalmente el gol no lleg\u00f3 por parte de ning\u00fan equipo y el empate se qued\u00f3 en el Municipal de la Grama.<\/p>\n","protected":false},"excerpt":{"rendered":"<p>L&#8217;Infantil B va sumar un empat (2-2) davant un combatiu CP Sarri\u00e0 B. La Fundaci\u00f3 va saltar al terreny de joc molt endollada, amb moltes ganes i aquest esfor\u00e7 inicial va tenir recompensa. Al minut 9 els de casa guanyaven 2-0. Els colomencs van tenir ocasions per ampliar per\u00f2 el gol es va resistir i [&hellip;]<\/p>\n","protected":false},"author":1,"featured_media":20519,"comment_status":"closed","ping_status":"closed","sticky":false,"template":"","format":"standard","meta":{"footnotes":""},"categories":[4,9],"tags":[24,1145],"class_list":["post-21060","post","type-post","status-publish","format-standard","has-post-thumbnail","hentry","category-base-inclusiu","category-infantils","tag-fundacio-esportiva-grama","tag-municipal-de-la-grama"],"_links":{"self":[{"href":"http:\/\/fegrama.cat\/web\/wp-json\/wp\/v2\/posts\/21060","targetHints":{"allow":["GET"]}}],"collection":[{"href":"http:\/\/fegrama.cat\/web\/wp-json\/wp\/v2\/posts"}],"about":[{"href":"http:\/\/fegrama.cat\/web\/wp-json\/wp\/v2\/types\/post"}],"author":[{"embeddable":true,"href":"http:\/\/fegrama.cat\/web\/wp-json\/wp\/v2\/users\/1"}],"replies":[{"embeddable":true,"href":"http:\/\/fegrama.cat\/web\/wp-json\/wp\/v2\/comments?post=21060"}],"version-history":[{"count":1,"href":"http:\/\/fegrama.cat\/web\/wp-json\/wp\/v2\/posts\/21060\/revisions"}],"predecessor-version":[{"id":21061,"href":"http:\/\/fegrama.cat\/web\/wp-json\/wp\/v2\/posts\/21060\/revisions\/21061"}],"wp:featuredmedia":[{"embeddable":true,"href":"http:\/\/fegrama.cat\/web\/wp-json\/wp\/v2\/media\/20519"}],"wp:attachment":[{"href":"http:\/\/fegrama.cat\/web\/wp-json\/wp\/v2\/media?parent=21060"}],"wp:term":[{"taxonomy":"category","embeddable":true,"href":"http:\/\/fegrama.cat\/web\/wp-json\/wp\/v2\/categories?post=21060"},{"taxonomy":"post_tag","embeddable":true,"href":"http:\/\/fegrama.cat\/web\/wp-json\/wp\/v2\/tags?post=21060"}],"curies":[{"name":"wp","href":"https:\/\/api.w.org\/{rel}","templated":true}]}}