{"id":21046,"date":"2017-05-21T16:46:49","date_gmt":"2017-05-21T15:46:49","guid":{"rendered":"http:\/\/fegrama.cat\/web\/?p=21046"},"modified":"2017-05-21T16:46:49","modified_gmt":"2017-05-21T15:46:49","slug":"el-benjami-a-va-empatar-a-premia-de-dalt","status":"publish","type":"post","link":"http:\/\/fegrama.cat\/web\/el-benjami-a-va-empatar-a-premia-de-dalt\/","title":{"rendered":"El Benjam\u00ed A va empatar a Premi\u00e0 de Dalt"},"content":{"rendered":"<p>El Benjam\u00ed A va sumar un punt (1-1) davant el CD Premi\u00e0 de Dalt.<\/p>\n<p>Primers dos quarts amb la Grama jugant de meravelles, molt bones jugades amb moltes passades. Els colomencs es van avan\u00e7ar aviat al marcador amb gol de Luca gr\u00e0cies a un bon colpeig des de fora de l&#8217;\u00e0rea despr\u00e9s d&#8217;una bona jugada. Tercer quart sense gols per\u00f2 molt emocionant i renyit.<\/p>\n<p>En l&#8217;\u00faltim quart l&#8217;\u00e0rbitre va assenyalar mans i de falta a la vora de l&#8217;\u00e0rea arribaria l&#8217;empat, just quan arrib\u00e0vem ja al final.<\/p>\n<p><a href=\"http:\/\/fegrama.cat\/web\/wp-content\/uploads\/2016\/10\/benjA.jpg\"><img loading=\"lazy\" decoding=\"async\" class=\"aligncenter\" alt=\"benjA\" src=\"http:\/\/fegrama.cat\/web\/wp-content\/uploads\/2016\/10\/benjA.jpg\" width=\"557\" height=\"417\" \/><\/a><\/p>\n<p>El Benjam\u00edn A sum\u00f3 un punto (1-1) ante el CD Premi\u00e0 de Dalt.<\/p>\n<p>Primeros dos cuartos con la Grama jugando de maravillas, muy buenas jugadas con muchos pases. Los colomenses se adelantaron pronto en el marcador con gol de Luca gracias a un buen golpeo desde fuera del \u00e1rea despu\u00e9s de una buena jugada. Tercer cuarto sin goles pero muy emocionante y re\u00f1ido.<\/p>\n<p>En el \u00faltimo cuarto el \u00e1rbitro se\u00f1al\u00f3 manos y de falta al borde del \u00e1rea llegar\u00eda el empate, justo cuando lleg\u00e1bamos ya al final.<\/p>\n","protected":false},"excerpt":{"rendered":"<p>El Benjam\u00ed A va sumar un punt (1-1) davant el CD Premi\u00e0 de Dalt. Primers dos quarts amb la Grama jugant de meravelles, molt bones jugades amb moltes passades. Els colomencs es van avan\u00e7ar aviat al marcador amb gol de Luca gr\u00e0cies a un bon colpeig des de fora de l&#8217;\u00e0rea despr\u00e9s d&#8217;una bona jugada. [&hellip;]<\/p>\n","protected":false},"author":1,"featured_media":0,"comment_status":"closed","ping_status":"closed","sticky":false,"template":"","format":"standard","meta":{"footnotes":""},"categories":[4,11],"tags":[24,1145],"class_list":["post-21046","post","type-post","status-publish","format-standard","hentry","category-base-inclusiu","category-benjamins","tag-fundacio-esportiva-grama","tag-municipal-de-la-grama"],"_links":{"self":[{"href":"http:\/\/fegrama.cat\/web\/wp-json\/wp\/v2\/posts\/21046","targetHints":{"allow":["GET"]}}],"collection":[{"href":"http:\/\/fegrama.cat\/web\/wp-json\/wp\/v2\/posts"}],"about":[{"href":"http:\/\/fegrama.cat\/web\/wp-json\/wp\/v2\/types\/post"}],"author":[{"embeddable":true,"href":"http:\/\/fegrama.cat\/web\/wp-json\/wp\/v2\/users\/1"}],"replies":[{"embeddable":true,"href":"http:\/\/fegrama.cat\/web\/wp-json\/wp\/v2\/comments?post=21046"}],"version-history":[{"count":1,"href":"http:\/\/fegrama.cat\/web\/wp-json\/wp\/v2\/posts\/21046\/revisions"}],"predecessor-version":[{"id":21047,"href":"http:\/\/fegrama.cat\/web\/wp-json\/wp\/v2\/posts\/21046\/revisions\/21047"}],"wp:attachment":[{"href":"http:\/\/fegrama.cat\/web\/wp-json\/wp\/v2\/media?parent=21046"}],"wp:term":[{"taxonomy":"category","embeddable":true,"href":"http:\/\/fegrama.cat\/web\/wp-json\/wp\/v2\/categories?post=21046"},{"taxonomy":"post_tag","embeddable":true,"href":"http:\/\/fegrama.cat\/web\/wp-json\/wp\/v2\/tags?post=21046"}],"curies":[{"name":"wp","href":"https:\/\/api.w.org\/{rel}","templated":true}]}}