{"id":21044,"date":"2017-05-21T16:39:29","date_gmt":"2017-05-21T15:39:29","guid":{"rendered":"http:\/\/fegrama.cat\/web\/?p=21044"},"modified":"2017-05-21T16:39:29","modified_gmt":"2017-05-21T15:39:29","slug":"victoria-del-benjami-b-al-municipal-provencana","status":"publish","type":"post","link":"http:\/\/fegrama.cat\/web\/victoria-del-benjami-b-al-municipal-provencana\/","title":{"rendered":"Vict\u00f2ria del Benjam\u00ed B al Municipal Proven\u00e7ana"},"content":{"rendered":"<p>El Benjam\u00ed B va completar una bona feina en guanyar 4-8 a la FE Hospitalet At.<\/p>\n<p>Bon partit de l&#8217;equip blau contra un rival complicat malgrat la seva classificaci\u00f3 en la lliga. Els jugadors de la Grama van saltar a la gespa molt concentrats i aprofitant les oportunitats que van generar. Els gols van anar caient a poc a poc, els nois de Marcos D\u00edaz es van arribar a posar 0-4 amb dos gols de Vincenzo i de Daniel Fern\u00e1ndez.<\/p>\n<p>Els locals van retallar dist\u00e0ncies diverses vegades (2-4 i 4-5) per\u00f2 no van donar sensaci\u00f3 de poder empatar. Xavier Gonz\u00e1lez, Daniel Fern\u00e1ndez, Yerick i Adri\u00e0 van arrodonir la vict\u00f2ria.<\/p>\n<p><a href=\"http:\/\/fegrama.cat\/web\/wp-content\/uploads\/2016\/10\/benjB.jpg\"><img loading=\"lazy\" decoding=\"async\" class=\"aligncenter\" alt=\"benjB\" src=\"http:\/\/fegrama.cat\/web\/wp-content\/uploads\/2016\/10\/benjB.jpg\" width=\"556\" height=\"418\" \/><\/a><\/p>\n<p>El Benjam\u00edn B complet\u00f3 un buen trabajo al ganar 4-8 a la FE Hospitalet At.<\/p>\n<p>Buen partido del equipo azul contra un rival complicado a pesar de su clasificaci\u00f3n en la liga. Los jugadores de la Grama saltaron al c\u00e9sped muy concentrados y aprovechando las oportunidades que generaron. Los goles fueron cayendo poco a poco, los chicos de Marcos D\u00edaz se llegaron a poner 0-4 con dos goles de Vincenzo y de Daniel Fern\u00e1ndez.<\/p>\n<p>Los locales recortaron distancias varias (2-4 y 4-5) pero no dieron sensaci\u00f3n de poder empatar. Xavier Gonz\u00e1lez, Daniel Fern\u00e1ndez, Yerick y Adri\u00e0 redondearon la victoria.<\/p>\n","protected":false},"excerpt":{"rendered":"<p>El Benjam\u00ed B va completar una bona feina en guanyar 4-8 a la FE Hospitalet At. Bon partit de l&#8217;equip blau contra un rival complicat malgrat la seva classificaci\u00f3 en la lliga. Els jugadors de la Grama van saltar a la gespa molt concentrats i aprofitant les oportunitats que van generar. Els gols van anar [&hellip;]<\/p>\n","protected":false},"author":1,"featured_media":0,"comment_status":"closed","ping_status":"closed","sticky":false,"template":"","format":"standard","meta":{"footnotes":""},"categories":[4,11],"tags":[],"class_list":["post-21044","post","type-post","status-publish","format-standard","hentry","category-base-inclusiu","category-benjamins"],"_links":{"self":[{"href":"http:\/\/fegrama.cat\/web\/wp-json\/wp\/v2\/posts\/21044","targetHints":{"allow":["GET"]}}],"collection":[{"href":"http:\/\/fegrama.cat\/web\/wp-json\/wp\/v2\/posts"}],"about":[{"href":"http:\/\/fegrama.cat\/web\/wp-json\/wp\/v2\/types\/post"}],"author":[{"embeddable":true,"href":"http:\/\/fegrama.cat\/web\/wp-json\/wp\/v2\/users\/1"}],"replies":[{"embeddable":true,"href":"http:\/\/fegrama.cat\/web\/wp-json\/wp\/v2\/comments?post=21044"}],"version-history":[{"count":1,"href":"http:\/\/fegrama.cat\/web\/wp-json\/wp\/v2\/posts\/21044\/revisions"}],"predecessor-version":[{"id":21045,"href":"http:\/\/fegrama.cat\/web\/wp-json\/wp\/v2\/posts\/21044\/revisions\/21045"}],"wp:attachment":[{"href":"http:\/\/fegrama.cat\/web\/wp-json\/wp\/v2\/media?parent=21044"}],"wp:term":[{"taxonomy":"category","embeddable":true,"href":"http:\/\/fegrama.cat\/web\/wp-json\/wp\/v2\/categories?post=21044"},{"taxonomy":"post_tag","embeddable":true,"href":"http:\/\/fegrama.cat\/web\/wp-json\/wp\/v2\/tags?post=21044"}],"curies":[{"name":"wp","href":"https:\/\/api.w.org\/{rel}","templated":true}]}}