{"id":21042,"date":"2017-05-21T16:33:04","date_gmt":"2017-05-21T15:33:04","guid":{"rendered":"http:\/\/fegrama.cat\/web\/?p=21042"},"modified":"2017-05-21T16:33:04","modified_gmt":"2017-05-21T15:33:04","slug":"el-benjami-d-va-guanyar-al-quart-de-la-lliga","status":"publish","type":"post","link":"http:\/\/fegrama.cat\/web\/el-benjami-d-va-guanyar-al-quart-de-la-lliga\/","title":{"rendered":"El Benjam\u00ed D va guanyar al quart de la lliga"},"content":{"rendered":"<p>El Benjam\u00ed D va sumar una nova vict\u00f2ria en derrotar 5-1 al CP Sarri\u00e0 C, quart classificat.<\/p>\n<p>La Grama va haver de treballar molt per donar-li la volta al marcador. El Sarri\u00e0 es va avan\u00e7ar en el primer quart i va aconseguir aguantar el 0-1 durant molts minuts, aix\u00ed com tamb\u00e9 va aguantar l&#8217;empat. En els \u00faltims deu minuts del partit els blaus van remuntar i van augmentar el resultat amb quatre gols.<\/p>\n<p><a href=\"http:\/\/fegrama.cat\/web\/wp-content\/uploads\/2017\/03\/IMG-20170223-WA0006.jpg\"><img loading=\"lazy\" decoding=\"async\" class=\"aligncenter\" alt=\"IMG-20170223-WA0006\" src=\"http:\/\/fegrama.cat\/web\/wp-content\/uploads\/2017\/03\/IMG-20170223-WA0006-1024x682.jpg\" width=\"618\" height=\"411\" \/><\/a><strong><\/strong><\/p>\n<p>El Benjam\u00edn D sum\u00f3 una nueva victoria al derrotar 5-1 al CP Sarri\u00e0 C, cuarto clasificado.<\/p>\n<p>La Grama tuvo que trabajar mucho para darle la vuelta al marcador. El Sarri\u00e0 se adelant\u00f3 en el primer cuarto y consigui\u00f3 aguantar el 0-1 durante muchos minutos, as\u00ed como tambi\u00e9n aguant\u00f3 el empate. En los \u00faltimos diez minutos del partido los azules remontaron y aumentaron el resultado con cuatro goles.<\/p>\n","protected":false},"excerpt":{"rendered":"<p>El Benjam\u00ed D va sumar una nova vict\u00f2ria en derrotar 5-1 al CP Sarri\u00e0 C, quart classificat. La Grama va haver de treballar molt per donar-li la volta al marcador. El Sarri\u00e0 es va avan\u00e7ar en el primer quart i va aconseguir aguantar el 0-1 durant molts minuts, aix\u00ed com tamb\u00e9 va aguantar l&#8217;empat. En [&hellip;]<\/p>\n","protected":false},"author":1,"featured_media":18377,"comment_status":"closed","ping_status":"closed","sticky":false,"template":"","format":"standard","meta":{"footnotes":""},"categories":[4,11],"tags":[24,1145],"class_list":["post-21042","post","type-post","status-publish","format-standard","has-post-thumbnail","hentry","category-base-inclusiu","category-benjamins","tag-fundacio-esportiva-grama","tag-municipal-de-la-grama"],"_links":{"self":[{"href":"http:\/\/fegrama.cat\/web\/wp-json\/wp\/v2\/posts\/21042","targetHints":{"allow":["GET"]}}],"collection":[{"href":"http:\/\/fegrama.cat\/web\/wp-json\/wp\/v2\/posts"}],"about":[{"href":"http:\/\/fegrama.cat\/web\/wp-json\/wp\/v2\/types\/post"}],"author":[{"embeddable":true,"href":"http:\/\/fegrama.cat\/web\/wp-json\/wp\/v2\/users\/1"}],"replies":[{"embeddable":true,"href":"http:\/\/fegrama.cat\/web\/wp-json\/wp\/v2\/comments?post=21042"}],"version-history":[{"count":1,"href":"http:\/\/fegrama.cat\/web\/wp-json\/wp\/v2\/posts\/21042\/revisions"}],"predecessor-version":[{"id":21043,"href":"http:\/\/fegrama.cat\/web\/wp-json\/wp\/v2\/posts\/21042\/revisions\/21043"}],"wp:featuredmedia":[{"embeddable":true,"href":"http:\/\/fegrama.cat\/web\/wp-json\/wp\/v2\/media\/18377"}],"wp:attachment":[{"href":"http:\/\/fegrama.cat\/web\/wp-json\/wp\/v2\/media?parent=21042"}],"wp:term":[{"taxonomy":"category","embeddable":true,"href":"http:\/\/fegrama.cat\/web\/wp-json\/wp\/v2\/categories?post=21042"},{"taxonomy":"post_tag","embeddable":true,"href":"http:\/\/fegrama.cat\/web\/wp-json\/wp\/v2\/tags?post=21042"}],"curies":[{"name":"wp","href":"https:\/\/api.w.org\/{rel}","templated":true}]}}