{"id":21040,"date":"2017-05-21T16:29:45","date_gmt":"2017-05-21T15:29:45","guid":{"rendered":"http:\/\/fegrama.cat\/web\/?p=21040"},"modified":"2017-05-21T16:29:45","modified_gmt":"2017-05-21T15:29:45","slug":"el-benjami-e-va-caure-a-les-oliveres-davant-el-lider","status":"publish","type":"post","link":"http:\/\/fegrama.cat\/web\/el-benjami-e-va-caure-a-les-oliveres-davant-el-lider\/","title":{"rendered":"El Benjam\u00ed E va caure a Les Oliveres davant el l\u00edder"},"content":{"rendered":"<p>El l\u00edder de la lliga, EE Brafa, va guanyar 2-3 al Benjam\u00ed E de la FE Grama.<\/p>\n<p>No va comen\u00e7ar b\u00e9 el partit per als colomencs ja que el Brafa va obrir el marcador i poc despr\u00e9s es posaria 0-2. Despr\u00e9s del descans la Grama va fer un gran treball, molt b\u00e9 en la pressi\u00f3 i creant ocasions per aix\u00ed arribar a empatar el xoc. Desgraciadament en l&#8217;\u00faltim minut un xut des de fora sorprendria al porter, sent el definitiu 2-3.<\/p>\n<p><a href=\"http:\/\/fegrama.cat\/web\/wp-content\/uploads\/2016\/11\/BE.jpg\"><img loading=\"lazy\" decoding=\"async\" class=\"aligncenter\" alt=\"BE\" src=\"http:\/\/fegrama.cat\/web\/wp-content\/uploads\/2016\/11\/BE.jpg\" width=\"589\" height=\"424\" \/><\/a><\/p>\n<p>El l\u00edder de la liga, EE Brafa, gan\u00f3 2-3 al Benjam\u00edn E de la FE Grama.<\/p>\n<p>No comenz\u00f3 bien el partido para los colomenses pues el Brafa abri\u00f3 el marcador y poco despu\u00e9s se pondr\u00eda 0-2. Tras el descanso la Grama hizo un gran trabajo, muy bien en la presi\u00f3n y creando ocasiones para as\u00ed llegar a empatar el choque. Desgraciadamente en el \u00faltimo minuto un chute desde fuera sorprender\u00eda al portero, siendo el definitivo 2-3.<\/p>\n","protected":false},"excerpt":{"rendered":"<p>El l\u00edder de la lliga, EE Brafa, va guanyar 2-3 al Benjam\u00ed E de la FE Grama. No va comen\u00e7ar b\u00e9 el partit per als colomencs ja que el Brafa va obrir el marcador i poc despr\u00e9s es posaria 0-2. Despr\u00e9s del descans la Grama va fer un gran treball, molt b\u00e9 en la pressi\u00f3 [&hellip;]<\/p>\n","protected":false},"author":1,"featured_media":0,"comment_status":"closed","ping_status":"closed","sticky":false,"template":"","format":"standard","meta":{"footnotes":""},"categories":[4,11],"tags":[24,802],"class_list":["post-21040","post","type-post","status-publish","format-standard","hentry","category-base-inclusiu","category-benjamins","tag-fundacio-esportiva-grama","tag-municipal-les-oliveres"],"_links":{"self":[{"href":"http:\/\/fegrama.cat\/web\/wp-json\/wp\/v2\/posts\/21040","targetHints":{"allow":["GET"]}}],"collection":[{"href":"http:\/\/fegrama.cat\/web\/wp-json\/wp\/v2\/posts"}],"about":[{"href":"http:\/\/fegrama.cat\/web\/wp-json\/wp\/v2\/types\/post"}],"author":[{"embeddable":true,"href":"http:\/\/fegrama.cat\/web\/wp-json\/wp\/v2\/users\/1"}],"replies":[{"embeddable":true,"href":"http:\/\/fegrama.cat\/web\/wp-json\/wp\/v2\/comments?post=21040"}],"version-history":[{"count":1,"href":"http:\/\/fegrama.cat\/web\/wp-json\/wp\/v2\/posts\/21040\/revisions"}],"predecessor-version":[{"id":21041,"href":"http:\/\/fegrama.cat\/web\/wp-json\/wp\/v2\/posts\/21040\/revisions\/21041"}],"wp:attachment":[{"href":"http:\/\/fegrama.cat\/web\/wp-json\/wp\/v2\/media?parent=21040"}],"wp:term":[{"taxonomy":"category","embeddable":true,"href":"http:\/\/fegrama.cat\/web\/wp-json\/wp\/v2\/categories?post=21040"},{"taxonomy":"post_tag","embeddable":true,"href":"http:\/\/fegrama.cat\/web\/wp-json\/wp\/v2\/tags?post=21040"}],"curies":[{"name":"wp","href":"https:\/\/api.w.org\/{rel}","templated":true}]}}