{"id":21035,"date":"2017-05-21T15:59:47","date_gmt":"2017-05-21T14:59:47","guid":{"rendered":"http:\/\/fegrama.cat\/web\/?p=21035"},"modified":"2017-05-21T17:48:14","modified_gmt":"2017-05-21T16:48:14","slug":"oportunitat-perduda","status":"publish","type":"post","link":"http:\/\/fegrama.cat\/web\/oportunitat-perduda\/","title":{"rendered":"Oportunitat perduda"},"content":{"rendered":"<p><a href=\"http:\/\/fegrama.cat\/web\/wp-content\/uploads\/2017\/05\/11fegllefi.jpg\"><img loading=\"lazy\" decoding=\"async\" class=\"aligncenter  wp-image-21036\" alt=\"11fegllefi\" src=\"http:\/\/fegrama.cat\/web\/wp-content\/uploads\/2017\/05\/11fegllefi.jpg\" width=\"640\" height=\"480\" srcset=\"http:\/\/fegrama.cat\/web\/wp-content\/uploads\/2017\/05\/11fegllefi.jpg 800w, http:\/\/fegrama.cat\/web\/wp-content\/uploads\/2017\/05\/11fegllefi-300x225.jpg 300w\" sizes=\"auto, (max-width: 640px) 100vw, 640px\" \/><\/a><\/p>\n<p>Matinal de diumenge amb una excel\u00b7lent entrada a la grada del Municipal de la Grama per gaudir d&#8217;un dels grans partits de la jornada, el l\u00edder contra el quart classificat. Abans de que el &#8216;match&#8217; don\u00e9s comen\u00e7ament els dos equips li van fer un passad\u00eds als campions del futbol base colomenc: Benjam\u00ed D, Prebenjam\u00ed D i Escola A.<\/p>\n<p>A un passet, a un gol, en resum molt a prop es va quedar la Fundaci\u00f3 Esportiva Grama d&#8217;aconseguir l&#8217;ascens a Primera Catalana per\u00f2 el seu empat (3-3) davant la Unificaci\u00f3 Llefi\u00e0 unit a l&#8217;empat del Matar\u00f3 al camp del Cirera deixa tot igual. Els blaus van comen\u00e7ar molt ficats en el partit i abans d&#8217;arribar al minut 10 van aconseguir avan\u00e7ar-se al marcador, Crist\u00f3bal a passada de Lamin va fer l&#8217;1-0.<\/p>\n<p>La Llefi\u00e0 que arribava al xoc sense pressi\u00f3 en no jugar-se res va estar molt seriosa, jugant b\u00e9, en tensi\u00f3 sempre i sense rendir-se en cap instant. Despr\u00e9s de molta igualtat Roberto Morales es plantaria sol davant el porter i amb una vaselina perfecta faria el 2-0 al minut 28 i semblava encarrilar la vict\u00f2ria local, per\u00f2 no va ser aix\u00ed.<\/p>\n<p>En els \u00faltims minuts de la primera meitat els visitants van estirar l\u00ednies i van aconseguir xutar per primera vegada a la porteria de Pau, la primera la va treure el porter i en en el temps de prolongaci\u00f3 arribaria el gol en un rebuig despr\u00e9s d&#8217;un servei de banda. Al descans el marcador era injust, un 2-1 que no reflectia la superioritat local ia m\u00e9s l&#8217;\u00e0rbitre no va assenyalar un penal clar per a la Grama.<\/p>\n<p>Els de Dani Andreu van fer un bon inici de segona meitat, als quatre minuts un gran centre d&#8217;Omar era rematat magistralment de cap per Lamin. Malauradament el 3-1 duraria molt poc doncs dos minuts despr\u00e9s amb un xut creuat la Llefi\u00e0 tornava a posar-se un gol per darrere. Els locals no van dominar la segona part, molts minuts van estar ordenats en defensa buscant el contraatac sense \u00e8xit.<\/p>\n<p>L&#8217;equip de Badalona creava perill i donava la sensaci\u00f3 que en qualsevol moment podria empatar, llavors va despertar la Grama per\u00f2 va perdonar de cara a porta. Lamin o Juba van tenir les ocasions m\u00e9s clares per al seu equip. A cinc minuts per al final a la sortida d&#8217;un c\u00f3rner va arribar el 3-3, els blaus ho van intentar fins al final penjant pilotes per\u00f2 ja no van aconseguir tornar a posar-se per davant, perdent aix\u00ed una gran oportunitat.<\/p>\n<figure id=\"attachment_21037\" aria-describedby=\"caption-attachment-21037\" style=\"width: 603px\" class=\"wp-caption aligncenter\"><a href=\"http:\/\/fegrama.cat\/web\/wp-content\/uploads\/2017\/05\/grada.jpg\"><img loading=\"lazy\" decoding=\"async\" class=\"size-large wp-image-21037\" alt=\"Molt ambient a la grada. Foto: Jornada Previa\" src=\"http:\/\/fegrama.cat\/web\/wp-content\/uploads\/2017\/05\/grada-1024x679.jpg\" width=\"603\" height=\"389\" \/><\/a><figcaption id=\"caption-attachment-21037\" class=\"wp-caption-text\">Molt ambient a la grada. Foto: Jornada Previa<\/figcaption><\/figure>\n<p>Matinal de domingo con una excelente entrada en la grada del Municipal de la Grama para disfrutar de uno de los grandes partidos de la jornada, el l\u00edder contra el cuarto clasificado. Antes de que el encuentro diera comienzo los dos equipos le hicieron un pasillo a los campeones del f\u00fatbol base colomense: Benjam\u00edn D, Prebenjam\u00edn D y Escuela A.<\/p>\n<p>A un pasito, a un gol, en resumen muy cerca se qued\u00f3 la Fundaci\u00f3 Esportiva Grama de conseguir el ascenso a Primera Catalana pero su empate (3-3) ante la Unificaci\u00f3n Llefi\u00e0 unido al empate del Matar\u00f3 en el campo del Cirera deja todo igual. Los azules empezaron muy metidos en el partido y antes de llegar al minuto 10 consiguieron adelantarse en el marcador, Crist\u00f3bal a pase de Lamin hizo el 1-0.<\/p>\n<p>La Llefi\u00e0 que llegaba al choque sin presi\u00f3n al no jugarse nada estuvo muy seria, jugando bien, en tensi\u00f3n siempre y sin rendirse en ning\u00fan instante. Despu\u00e9s de mucha igualdad Roberto Morales se plantar\u00eda solo ante el portero y con una vaselina perfecta har\u00eda el 2-0 en el minuto 28 y parec\u00eda encarrilar la victoria local pero no fue as\u00ed.<\/p>\n<p>En los \u00faltimos minutos de la primera mitad los visitantes estiraron l\u00edneas y consiguieron chutar por primera vez a la meta de Pau, la primera vez la sac\u00f3 el portero y en en el tiempo de prolongaci\u00f3n llegar\u00eda el gol en un rechace tras un saque de banda. Al descanso el marcador era injusto, un 2-1 que no reflejaba la superioridad local y adem\u00e1s el \u00e1rbitro no se\u00f1al\u00f3 un penalti claro para la Grama.<\/p>\n<p>La Grama hizo un buen inicio de segunda mitad, a los cuatro minutos un gran centro de Omar era rematado magistralmente de cabeza por Lamin. Desgraciadamente el 3-1 durar\u00eda muy poco pues dos minutos despu\u00e9s con un tiro cruzado la Llefi\u00e0 volv\u00eda a ponerse un gol por detr\u00e1s. Los locales no dominaron la segunda parte, muchos minutos estuvieron ordenados en defensa buscando el contraataque sin \u00e9xito.<\/p>\n<p>Los de Badalona creaban peligro y daba la sensaci\u00f3n que en cualquier momento podr\u00eda empatar y entonces despert\u00f3 la Grama pero perdon\u00f3 de cara a puerta. Lamin o Juba tuvieron las ocasiones m\u00e1s claras para su equipo. A cinco minutos para el final a la salida de un c\u00f3rner lleg\u00f3 el 3-3, los azules lo intentaron hasta el final colgando balones pero ya no consiguieron volver a ponerse por delante, perdiendo as\u00ed una gran oportunidad.<\/p>\n","protected":false},"excerpt":{"rendered":"<p>Matinal de diumenge amb una excel\u00b7lent entrada a la grada del Municipal de la Grama per gaudir d&#8217;un dels grans partits de la jornada, el l\u00edder contra el quart classificat. Abans de que el &#8216;match&#8217; don\u00e9s comen\u00e7ament els dos equips li van fer un passad\u00eds als campions del futbol base colomenc: Benjam\u00ed D, Prebenjam\u00ed D [&hellip;]<\/p>\n","protected":false},"author":1,"featured_media":21036,"comment_status":"closed","ping_status":"closed","sticky":false,"template":"","format":"standard","meta":{"footnotes":""},"categories":[4,5],"tags":[24,1145,130],"class_list":["post-21035","post","type-post","status-publish","format-standard","has-post-thumbnail","hentry","category-base-inclusiu","category-primer-equip","tag-fundacio-esportiva-grama","tag-municipal-de-la-grama","tag-santa-coloma-de-gramenet"],"_links":{"self":[{"href":"http:\/\/fegrama.cat\/web\/wp-json\/wp\/v2\/posts\/21035","targetHints":{"allow":["GET"]}}],"collection":[{"href":"http:\/\/fegrama.cat\/web\/wp-json\/wp\/v2\/posts"}],"about":[{"href":"http:\/\/fegrama.cat\/web\/wp-json\/wp\/v2\/types\/post"}],"author":[{"embeddable":true,"href":"http:\/\/fegrama.cat\/web\/wp-json\/wp\/v2\/users\/1"}],"replies":[{"embeddable":true,"href":"http:\/\/fegrama.cat\/web\/wp-json\/wp\/v2\/comments?post=21035"}],"version-history":[{"count":3,"href":"http:\/\/fegrama.cat\/web\/wp-json\/wp\/v2\/posts\/21035\/revisions"}],"predecessor-version":[{"id":21067,"href":"http:\/\/fegrama.cat\/web\/wp-json\/wp\/v2\/posts\/21035\/revisions\/21067"}],"wp:featuredmedia":[{"embeddable":true,"href":"http:\/\/fegrama.cat\/web\/wp-json\/wp\/v2\/media\/21036"}],"wp:attachment":[{"href":"http:\/\/fegrama.cat\/web\/wp-json\/wp\/v2\/media?parent=21035"}],"wp:term":[{"taxonomy":"category","embeddable":true,"href":"http:\/\/fegrama.cat\/web\/wp-json\/wp\/v2\/categories?post=21035"},{"taxonomy":"post_tag","embeddable":true,"href":"http:\/\/fegrama.cat\/web\/wp-json\/wp\/v2\/tags?post=21035"}],"curies":[{"name":"wp","href":"https:\/\/api.w.org\/{rel}","templated":true}]}}