{"id":21031,"date":"2017-05-21T18:36:15","date_gmt":"2017-05-21T17:36:15","guid":{"rendered":"http:\/\/fegrama.cat\/web\/?p=21031"},"modified":"2017-05-21T18:36:15","modified_gmt":"2017-05-21T17:36:15","slug":"set-de-linfantil-a-al-municipal-de-la-grama","status":"publish","type":"post","link":"http:\/\/fegrama.cat\/web\/set-de-linfantil-a-al-municipal-de-la-grama\/","title":{"rendered":"&#8216;Set&#8217; de l&#8217;Infantil A al Municipal de la Grama"},"content":{"rendered":"<p>L&#8217;Infantil A va guanyar 6-0 a la Vila Ol\u00edmpica B, sumant aix\u00ed tres punts molt importants en l&#8217;objectiu d&#8217;acabar com a millor segon i poder aconseguir l&#8217;ascens a Preferent.<\/p>\n<p>Gran partit dels colomencs que van ser sempre superiors al seu rival, des de l&#8217;inici van fer un bon joc de pilota i abans del quart d&#8217;hora de joc van aconseguir avan\u00e7ar-se al marcador amb gol de V\u00edctor Casta\u00f1o. Lluny de relaxar-se els blaus van anar a per m\u00e9s i en el 20 \u00cdker Mesas ampliava el resultat, aix\u00ed s&#8217;arribaria al descans.<\/p>\n<p>A la segona meitat mateix gui\u00f3 i la Grama molt m\u00e9s efectiva de cara a gol. Aleix, Javier i dues vegades Abdellah van deixar un 6-0 al marcador. Toca destacar a Abdellah que ja porta 29 gols en 19 partits i Gerard que una vegada m\u00e9s va estar sensacional en porteria fent bones aturades per mantenir-la a zero.<\/p>\n<div>\n<p><a href=\"http:\/\/fegrama.cat\/web\/wp-content\/uploads\/2016\/10\/infA.jpg\"><img loading=\"lazy\" decoding=\"async\" class=\"aligncenter\" alt=\"infA\" src=\"http:\/\/fegrama.cat\/web\/wp-content\/uploads\/2016\/10\/infA.jpg\" width=\"640\" height=\"464\" \/><\/a><strong><\/strong><\/p>\n<p>El Infantil A gan\u00f3 6-0 a la Vila Ol\u00edmpica B, sumando as\u00ed tres puntos muy importantes en el objetivo de acabar como mejor segundo y poder conseguir el ascenso a Preferente.<\/p>\n<\/div>\n<div><\/div>\n<div>Gran partido de los colomenses que fueron siempre superiores a su rival, desde el inicio hicieron un buen juego de bal\u00f3n y antes del cuarto de hora de juego consiguieron adelantarse en el marcador con gol de V\u00edctor Casta\u00f1o. Lejos de relajarse los azules fueron a por m\u00e1s y en el 20 \u00cdker Mesas ampliaba el resultado, as\u00ed se llegar\u00eda al descanso.<\/div>\n<div><\/div>\n<div>En la segunda mitad mismo gui\u00f3n y la Grama mucho m\u00e1s efectiva de cara a gol. Aleix, Javier y dos veces Abdellah dejaron un 6-0 en el marcador. Toca destacar a Abdellah que ya lleva 29 goles en 19 partidos y a Gerard que una vez m\u00e1s estuvo sensacional en porter\u00eda haciendo buenas paradas para mantenerla a cero.<\/div>\n","protected":false},"excerpt":{"rendered":"<p>L&#8217;Infantil A va guanyar 6-0 a la Vila Ol\u00edmpica B, sumant aix\u00ed tres punts molt importants en l&#8217;objectiu d&#8217;acabar com a millor segon i poder aconseguir l&#8217;ascens a Preferent. Gran partit dels colomencs que van ser sempre superiors al seu rival, des de l&#8217;inici van fer un bon joc de pilota i abans del quart [&hellip;]<\/p>\n","protected":false},"author":1,"featured_media":17869,"comment_status":"closed","ping_status":"closed","sticky":false,"template":"","format":"standard","meta":{"footnotes":""},"categories":[4,9],"tags":[24,1145],"class_list":["post-21031","post","type-post","status-publish","format-standard","has-post-thumbnail","hentry","category-base-inclusiu","category-infantils","tag-fundacio-esportiva-grama","tag-municipal-de-la-grama"],"_links":{"self":[{"href":"http:\/\/fegrama.cat\/web\/wp-json\/wp\/v2\/posts\/21031","targetHints":{"allow":["GET"]}}],"collection":[{"href":"http:\/\/fegrama.cat\/web\/wp-json\/wp\/v2\/posts"}],"about":[{"href":"http:\/\/fegrama.cat\/web\/wp-json\/wp\/v2\/types\/post"}],"author":[{"embeddable":true,"href":"http:\/\/fegrama.cat\/web\/wp-json\/wp\/v2\/users\/1"}],"replies":[{"embeddable":true,"href":"http:\/\/fegrama.cat\/web\/wp-json\/wp\/v2\/comments?post=21031"}],"version-history":[{"count":2,"href":"http:\/\/fegrama.cat\/web\/wp-json\/wp\/v2\/posts\/21031\/revisions"}],"predecessor-version":[{"id":21077,"href":"http:\/\/fegrama.cat\/web\/wp-json\/wp\/v2\/posts\/21031\/revisions\/21077"}],"wp:featuredmedia":[{"embeddable":true,"href":"http:\/\/fegrama.cat\/web\/wp-json\/wp\/v2\/media\/17869"}],"wp:attachment":[{"href":"http:\/\/fegrama.cat\/web\/wp-json\/wp\/v2\/media?parent=21031"}],"wp:term":[{"taxonomy":"category","embeddable":true,"href":"http:\/\/fegrama.cat\/web\/wp-json\/wp\/v2\/categories?post=21031"},{"taxonomy":"post_tag","embeddable":true,"href":"http:\/\/fegrama.cat\/web\/wp-json\/wp\/v2\/tags?post=21031"}],"curies":[{"name":"wp","href":"https:\/\/api.w.org\/{rel}","templated":true}]}}