{"id":21029,"date":"2017-05-20T14:33:54","date_gmt":"2017-05-20T13:33:54","guid":{"rendered":"http:\/\/fegrama.cat\/web\/?p=21029"},"modified":"2017-05-20T14:33:54","modified_gmt":"2017-05-20T13:33:54","slug":"bona-imatge-de-lalevi-a-a-lultim-partit-de-la-temporada","status":"publish","type":"post","link":"http:\/\/fegrama.cat\/web\/bona-imatge-de-lalevi-a-a-lultim-partit-de-la-temporada\/","title":{"rendered":"Bona imatge de l&#8217;Alev\u00ed A a l&#8217;\u00faltim partit de la temporada"},"content":{"rendered":"<p>Bon\u00edssima imatge i joc de l&#8217;Alev\u00ed A en el qual va ser l&#8217;\u00faltim partit de la temporada a Preferent. Al Municipal de la Grama els nois dirigits per Cristian Rodr\u00edguez van caure 1-6 davant el campi\u00f3 invicte de la lliga, el RCD Espanyol.<\/p>\n<p>La Fundaci\u00f3 va preparar el partit amb un treball de fases en sortida de pilota, ajudes interm\u00e8dies i profundes, i pressi\u00f3 per contrarestar al conjunt perico. En el primer quart els blaus van estar ben ordenats per\u00f2 a la fase de sortida de pilota no van estar fins per la pressi\u00f3 alta del rival, sent superiors i marcant dos gols (0-2).<\/p>\n<p>En el seg\u00fcent quart els locals van corregir tots els errors i l&#8217;equip va agafar confian\u00e7a, mantenint el control del joc i sense deixar filtrar passades per dins a l&#8217;Espanyol. La Grama va tenir fins a tres un contra un davant el porter per\u00f2 el gol es va resistir, nom\u00e9s Jos\u00e9 de falta va aconseguir ficar la pilota a la porteria. Abans del descans els visitants van marcar l&#8217;1-3.<\/p>\n<p>La segona meitat va ser semblant, els colomenc van seguir insistint en el mateix model de joc aconseguint fer mal al seu rival amb passades\u00a0interm\u00e8dies i profundes per\u00f2 desgraciadament fallant de cara a porta. L&#8217;Espanyol va tancar la seva vict\u00f2ria marcant tres gols m\u00e9s per\u00f2 la imatge de la FE Grama va ser espectacular, tant dels nois com dels seus pares que sempre van estar de 10 a la grada.<\/p>\n<p><a href=\"http:\/\/fegrama.cat\/web\/wp-content\/uploads\/2017\/02\/AA17.jpg\"><img loading=\"lazy\" decoding=\"async\" class=\"aligncenter\" alt=\"AA17\" src=\"http:\/\/fegrama.cat\/web\/wp-content\/uploads\/2017\/02\/AA17.jpg\" width=\"640\" height=\"570\" \/><\/a><\/p>\n<p>Buen\u00edsima imagen y juego del Alev\u00edn A en el que fue el \u00faltimo partido de la temporada en Preferente. En el Municipal de la Grama los chicos dirigidos por Cristian Rodr\u00edguez cayeron 1-6 ante el campe\u00f3n invicto de la liga, el RCD Espanyol.<\/p>\n<p>La Fundaci\u00f3 prepar\u00f3 el partido con un trabajo de fases en salida de bal\u00f3n, ayudas intermedias y profundas, y presi\u00f3n para contrarrestar al conjunto perico. En el primer cuarto los azules estuvieron bien ordenados pero en la fase de salida de bal\u00f3n no estuvieron finos por la presi\u00f3n alta del rival, siendo superiores y marcando dos goles (0-2).<\/p>\n<p>En el siguiente cuarto los locales corrigieron todos los fallos y el equipo cogi\u00f3 confianza, manteniendo el control del juego y sin dejar filtrar pases por dentro al Espanyol. La Grama tuvo hasta tres uno contra uno ante el portero pero el gol se resisti\u00f3, solamente Jos\u00e9 de falta consigui\u00f3 meter la pelota en la porter\u00eda. Antes del descanso los visitantes marcaron el 1-3.<\/p>\n<p>La segunda mitad fue parecida, los colomense siguieron insistiendo en el mismo modelo de juego consiguiendo hacer da\u00f1o a su rival con pases intermedios y profundos pero desgraciadamente fallando de cara a puerta. El Espanyol cerr\u00f3 su victoria marcando tres goles m\u00e1s pero la imagen de la FE Grama fue espectacular, tanto de los chicos como de sus pap\u00e1s que siempre estuvieron de 10 en la grada.<\/p>\n","protected":false},"excerpt":{"rendered":"<p>Bon\u00edssima imatge i joc de l&#8217;Alev\u00ed A en el qual va ser l&#8217;\u00faltim partit de la temporada a Preferent. Al Municipal de la Grama els nois dirigits per Cristian Rodr\u00edguez van caure 1-6 davant el campi\u00f3 invicte de la lliga, el RCD Espanyol. La Fundaci\u00f3 va preparar el partit amb un treball de fases en [&hellip;]<\/p>\n","protected":false},"author":1,"featured_media":0,"comment_status":"closed","ping_status":"closed","sticky":false,"template":"","format":"standard","meta":{"footnotes":""},"categories":[10,4],"tags":[24,1145],"class_list":["post-21029","post","type-post","status-publish","format-standard","hentry","category-alevins","category-base-inclusiu","tag-fundacio-esportiva-grama","tag-municipal-de-la-grama"],"_links":{"self":[{"href":"http:\/\/fegrama.cat\/web\/wp-json\/wp\/v2\/posts\/21029","targetHints":{"allow":["GET"]}}],"collection":[{"href":"http:\/\/fegrama.cat\/web\/wp-json\/wp\/v2\/posts"}],"about":[{"href":"http:\/\/fegrama.cat\/web\/wp-json\/wp\/v2\/types\/post"}],"author":[{"embeddable":true,"href":"http:\/\/fegrama.cat\/web\/wp-json\/wp\/v2\/users\/1"}],"replies":[{"embeddable":true,"href":"http:\/\/fegrama.cat\/web\/wp-json\/wp\/v2\/comments?post=21029"}],"version-history":[{"count":1,"href":"http:\/\/fegrama.cat\/web\/wp-json\/wp\/v2\/posts\/21029\/revisions"}],"predecessor-version":[{"id":21030,"href":"http:\/\/fegrama.cat\/web\/wp-json\/wp\/v2\/posts\/21029\/revisions\/21030"}],"wp:attachment":[{"href":"http:\/\/fegrama.cat\/web\/wp-json\/wp\/v2\/media?parent=21029"}],"wp:term":[{"taxonomy":"category","embeddable":true,"href":"http:\/\/fegrama.cat\/web\/wp-json\/wp\/v2\/categories?post=21029"},{"taxonomy":"post_tag","embeddable":true,"href":"http:\/\/fegrama.cat\/web\/wp-json\/wp\/v2\/tags?post=21029"}],"curies":[{"name":"wp","href":"https:\/\/api.w.org\/{rel}","templated":true}]}}