{"id":21027,"date":"2017-05-21T16:33:20","date_gmt":"2017-05-21T15:33:20","guid":{"rendered":"http:\/\/fegrama.cat\/web\/?p=21027"},"modified":"2017-05-21T16:33:20","modified_gmt":"2017-05-21T15:33:20","slug":"el-benjami-c-li-fa-un-set-a-la-montanesa","status":"publish","type":"post","link":"http:\/\/fegrama.cat\/web\/el-benjami-c-li-fa-un-set-a-la-montanesa\/","title":{"rendered":"El Benjam\u00ed C li fa un &#8216;set&#8217; a la Monta\u00f1esa"},"content":{"rendered":"<p>El Benjam\u00ed C va guanyar 6-2 al CF Monta\u00f1esa, els blaus es mantenen entre els cinc primers.<\/p>\n<p>La Grama s&#8217;enfrontava davant un equip que es jugava molt, baixar o seguir vius en lliga. Concentrats des de l&#8217;inici i sent un mal de cap per a la defensa rival els colomencs en 7 minuts ja guanyaven per dos gols (Robert David i Manuel Romero). A l&#8217;inici del segon temps va retallar dist\u00e0ncies l&#8217;equip visitant per\u00f2 va ser un miratge.<\/p>\n<p>Badr va marcar el tercer del seu equip i just despr\u00e9s d&#8217;encaixar el 3-2 va tornar a marcar. Els blaus van fer molt bon partit, brillant amb un alegre joc, movent b\u00e9 la pilota i segurs en defensa. Manuel Romero i Marcel Vi\u00f1\u00e9 van tancar la vict\u00f2ria.<\/p>\n<div><a href=\"http:\/\/fegrama.cat\/web\/wp-content\/uploads\/2016\/11\/BC.jpg\"><img loading=\"lazy\" decoding=\"async\" class=\"aligncenter\" alt=\"BC\" src=\"http:\/\/fegrama.cat\/web\/wp-content\/uploads\/2016\/11\/BC.jpg\" width=\"560\" height=\"478\" \/><\/a><strong><\/strong><\/div>\n<p>El Benjam\u00edn C gan\u00f3 6-2 al CF Monta\u00f1esa, los azules se mantienen entre los cinco primeros.<\/p>\n<p>La Grama se enfrentaba ante un equipo que se jugaba mucho, descender o seguir vivos en liga. Concentrados desde el inicio y siendo un dolor de cabeza para la defensa rival los colomenses en 7 minutos ya ganaban por dos goles (Robert David y Manuel Romero). Al inicio del segundo tiempo recort\u00f3 distancias el equipo visitante pero fue un espejismo.<\/p>\n<p>Badr marc\u00f3 el tercero de su equipo y justo despu\u00e9s de encajar el 3-2 volvi\u00f3 a marcar. Los azules hicieron muy buen partido, brillando con un alegre juego, moviendo bien el bal\u00f3n y seguros en defensa. Manuel Romero y Marcel Vi\u00f1\u00e9 cerraron la victoria.<\/p>\n","protected":false},"excerpt":{"rendered":"<p>El Benjam\u00ed C va guanyar 6-2 al CF Monta\u00f1esa, els blaus es mantenen entre els cinc primers. La Grama s&#8217;enfrontava davant un equip que es jugava molt, baixar o seguir vius en lliga. Concentrats des de l&#8217;inici i sent un mal de cap per a la defensa rival els colomencs en 7 minuts ja guanyaven [&hellip;]<\/p>\n","protected":false},"author":1,"featured_media":18433,"comment_status":"closed","ping_status":"closed","sticky":false,"template":"","format":"standard","meta":{"footnotes":""},"categories":[4,11],"tags":[24,1145],"class_list":["post-21027","post","type-post","status-publish","format-standard","has-post-thumbnail","hentry","category-base-inclusiu","category-benjamins","tag-fundacio-esportiva-grama","tag-municipal-de-la-grama"],"_links":{"self":[{"href":"http:\/\/fegrama.cat\/web\/wp-json\/wp\/v2\/posts\/21027","targetHints":{"allow":["GET"]}}],"collection":[{"href":"http:\/\/fegrama.cat\/web\/wp-json\/wp\/v2\/posts"}],"about":[{"href":"http:\/\/fegrama.cat\/web\/wp-json\/wp\/v2\/types\/post"}],"author":[{"embeddable":true,"href":"http:\/\/fegrama.cat\/web\/wp-json\/wp\/v2\/users\/1"}],"replies":[{"embeddable":true,"href":"http:\/\/fegrama.cat\/web\/wp-json\/wp\/v2\/comments?post=21027"}],"version-history":[{"count":1,"href":"http:\/\/fegrama.cat\/web\/wp-json\/wp\/v2\/posts\/21027\/revisions"}],"predecessor-version":[{"id":21028,"href":"http:\/\/fegrama.cat\/web\/wp-json\/wp\/v2\/posts\/21027\/revisions\/21028"}],"wp:featuredmedia":[{"embeddable":true,"href":"http:\/\/fegrama.cat\/web\/wp-json\/wp\/v2\/media\/18433"}],"wp:attachment":[{"href":"http:\/\/fegrama.cat\/web\/wp-json\/wp\/v2\/media?parent=21027"}],"wp:term":[{"taxonomy":"category","embeddable":true,"href":"http:\/\/fegrama.cat\/web\/wp-json\/wp\/v2\/categories?post=21027"},{"taxonomy":"post_tag","embeddable":true,"href":"http:\/\/fegrama.cat\/web\/wp-json\/wp\/v2\/tags?post=21027"}],"curies":[{"name":"wp","href":"https:\/\/api.w.org\/{rel}","templated":true}]}}