{"id":21006,"date":"2017-05-19T08:23:35","date_gmt":"2017-05-19T07:23:35","guid":{"rendered":"http:\/\/fegrama.cat\/web\/?p=21006"},"modified":"2017-05-19T08:23:35","modified_gmt":"2017-05-19T07:23:35","slug":"previes-de-les-escoles-20-de-maig","status":"publish","type":"post","link":"http:\/\/fegrama.cat\/web\/previes-de-les-escoles-20-de-maig\/","title":{"rendered":"Pr\u00e8vies de les Escoles (20 de maig)"},"content":{"rendered":"<div><a href=\"http:\/\/fegrama.cat\/web\/wp-content\/uploads\/2016\/12\/EB.jpg\"><img loading=\"lazy\" decoding=\"async\" class=\"aligncenter\" alt=\"EB\" src=\"http:\/\/fegrama.cat\/web\/wp-content\/uploads\/2016\/12\/EB.jpg\" width=\"555\" height=\"371\" \/><\/a><strong>ESCUELA B\u00a0<\/strong><\/div>\n<p>El conjunt dirigit per Miguel i Christian juga el partit d&#8217;anada de les semifinals de la Copa Cadeca. Dissabte a les 12:15 hores a Les Oliveres s&#8217;enfrontaran a l&#8217;AE La Salut Pere Gol.<\/p>\n<p>El conjunto dirigido por Miguel y Christian juega el partido de ida de las semifinales de la Copa Cadeca. El s\u00e1bado a las 12:15 horas en Les Oliveres se enfrentar\u00e1n a la AE La Salut Pere Gol.<\/p>\n<div><a href=\"http:\/\/fegrama.cat\/web\/wp-content\/uploads\/2016\/12\/EC.jpg\"><img loading=\"lazy\" decoding=\"async\" class=\"aligncenter\" alt=\"EC\" src=\"http:\/\/fegrama.cat\/web\/wp-content\/uploads\/2016\/12\/EC.jpg\" width=\"554\" height=\"371\" \/><\/a><strong><\/strong><\/div>\n<div><strong>ESCOLA C<\/strong><\/div>\n<p>L&#8217;equip de Cervantes i Edu jugar\u00e0 dissabte a les 13:15 hores al Municipal de Les Oliveres. S&#8217;enfrontaran al CD Arrabal-Calaf de Gramenet, derbi al partit d&#8217;anada de les semifinals de Copa.<\/p>\n<p>El equipo de Cervantes y Edu jugar\u00e1 el s\u00e1bado a las 13:15 horas en el Municipal de Les Oliveres. Se enfrentar\u00e1n al CD Arrabal-Calaf de Gramenet, derbi en el partido de ida de las semifinales de Copa.<\/p>\n","protected":false},"excerpt":{"rendered":"<p>ESCUELA B\u00a0 El conjunt dirigit per Miguel i Christian juga el partit d&#8217;anada de les semifinals de la Copa Cadeca. Dissabte a les 12:15 hores a Les Oliveres s&#8217;enfrontaran a l&#8217;AE La Salut Pere Gol. El conjunto dirigido por Miguel y Christian juega el partido de ida de las semifinales de la Copa Cadeca. El [&hellip;]<\/p>\n","protected":false},"author":1,"featured_media":11104,"comment_status":"closed","ping_status":"closed","sticky":false,"template":"","format":"standard","meta":{"footnotes":""},"categories":[4,33],"tags":[24,802,130],"class_list":["post-21006","post","type-post","status-publish","format-standard","has-post-thumbnail","hentry","category-base-inclusiu","category-escola-diari-feg","tag-fundacio-esportiva-grama","tag-municipal-les-oliveres","tag-santa-coloma-de-gramenet"],"_links":{"self":[{"href":"http:\/\/fegrama.cat\/web\/wp-json\/wp\/v2\/posts\/21006","targetHints":{"allow":["GET"]}}],"collection":[{"href":"http:\/\/fegrama.cat\/web\/wp-json\/wp\/v2\/posts"}],"about":[{"href":"http:\/\/fegrama.cat\/web\/wp-json\/wp\/v2\/types\/post"}],"author":[{"embeddable":true,"href":"http:\/\/fegrama.cat\/web\/wp-json\/wp\/v2\/users\/1"}],"replies":[{"embeddable":true,"href":"http:\/\/fegrama.cat\/web\/wp-json\/wp\/v2\/comments?post=21006"}],"version-history":[{"count":1,"href":"http:\/\/fegrama.cat\/web\/wp-json\/wp\/v2\/posts\/21006\/revisions"}],"predecessor-version":[{"id":21007,"href":"http:\/\/fegrama.cat\/web\/wp-json\/wp\/v2\/posts\/21006\/revisions\/21007"}],"wp:featuredmedia":[{"embeddable":true,"href":"http:\/\/fegrama.cat\/web\/wp-json\/wp\/v2\/media\/11104"}],"wp:attachment":[{"href":"http:\/\/fegrama.cat\/web\/wp-json\/wp\/v2\/media?parent=21006"}],"wp:term":[{"taxonomy":"category","embeddable":true,"href":"http:\/\/fegrama.cat\/web\/wp-json\/wp\/v2\/categories?post=21006"},{"taxonomy":"post_tag","embeddable":true,"href":"http:\/\/fegrama.cat\/web\/wp-json\/wp\/v2\/tags?post=21006"}],"curies":[{"name":"wp","href":"https:\/\/api.w.org\/{rel}","templated":true}]}}