{"id":21002,"date":"2017-05-18T20:10:52","date_gmt":"2017-05-18T19:10:52","guid":{"rendered":"http:\/\/fegrama.cat\/web\/?p=21002"},"modified":"2017-05-18T20:10:52","modified_gmt":"2017-05-18T19:10:52","slug":"el-futsal-grama-juga-dissabte-a-sant-cugat","status":"publish","type":"post","link":"http:\/\/fegrama.cat\/web\/el-futsal-grama-juga-dissabte-a-sant-cugat\/","title":{"rendered":"El Futsal Grama juga dissabte a Sant Cugat"},"content":{"rendered":"<p>L&#8217;equip de <strong>Rub\u00e9n Cros<\/strong> afronta les \u00faltimes jornades sense cap pressi\u00f3 per\u00f2 amb l&#8217;objectiu de sumar la major quantitat de punts per aix\u00ed acabar el m\u00e9s amunt possible.<\/p>\n<p style=\"text-align: center;\"><strong>Dissabte a les 20:10 hores al Pavell\u00f3 Municipal de St.Cugat del Vall\u00e8s.<\/strong><\/p>\n<p>El seu rival ser\u00e0 el<strong> Sant Cugat FS<\/strong>, equip de la part baixa de la lliga amb 11 punts menys que els colomencs.<\/p>\n<p><a href=\"http:\/\/fegrama.cat\/web\/wp-content\/uploads\/2016\/08\/futsalgrama.jpg\"><img loading=\"lazy\" decoding=\"async\" class=\"aligncenter\" alt=\"futsalgrama\" src=\"http:\/\/fegrama.cat\/web\/wp-content\/uploads\/2016\/08\/futsalgrama.jpg\" width=\"560\" height=\"509\" \/><\/a><\/p>\n<p>El equipo de\u00a0<strong>Rub\u00e9n Cros <\/strong>afronta las \u00faltimas jornadas sin ninguna presi\u00f3n pero con el objetivo de sumar la mayor cantidad de puntos para as\u00ed terminar lo m\u00e1s arriba posible.<\/p>\n<p style=\"text-align: center;\"><strong>El s\u00e1bado a las 20:10 horas en el Pabell\u00f3n Municipal de St.Cugat del Vall\u00e8s.<\/strong><strong><br \/>\n<\/strong><\/p>\n<p>Su rival ser\u00e1 el <strong>Sant Cugat FS<\/strong>, equipo de la parte baja de la liga con 11 puntos menos que los colomenses.<\/p>\n","protected":false},"excerpt":{"rendered":"<p>L&#8217;equip de Rub\u00e9n Cros afronta les \u00faltimes jornades sense cap pressi\u00f3 per\u00f2 amb l&#8217;objectiu de sumar la major quantitat de punts per aix\u00ed acabar el m\u00e9s amunt possible. Dissabte a les 20:10 hores al Pavell\u00f3 Municipal de St.Cugat del Vall\u00e8s. El seu rival ser\u00e0 el Sant Cugat FS, equip de la part baixa de la [&hellip;]<\/p>\n","protected":false},"author":1,"featured_media":17377,"comment_status":"closed","ping_status":"closed","sticky":false,"template":"","format":"standard","meta":{"footnotes":""},"categories":[4,1106],"tags":[24,1096],"class_list":["post-21002","post","type-post","status-publish","format-standard","has-post-thumbnail","hentry","category-base-inclusiu","category-futbol-sala-2","tag-fundacio-esportiva-grama","tag-seccion-futbol-sala"],"_links":{"self":[{"href":"http:\/\/fegrama.cat\/web\/wp-json\/wp\/v2\/posts\/21002","targetHints":{"allow":["GET"]}}],"collection":[{"href":"http:\/\/fegrama.cat\/web\/wp-json\/wp\/v2\/posts"}],"about":[{"href":"http:\/\/fegrama.cat\/web\/wp-json\/wp\/v2\/types\/post"}],"author":[{"embeddable":true,"href":"http:\/\/fegrama.cat\/web\/wp-json\/wp\/v2\/users\/1"}],"replies":[{"embeddable":true,"href":"http:\/\/fegrama.cat\/web\/wp-json\/wp\/v2\/comments?post=21002"}],"version-history":[{"count":1,"href":"http:\/\/fegrama.cat\/web\/wp-json\/wp\/v2\/posts\/21002\/revisions"}],"predecessor-version":[{"id":21003,"href":"http:\/\/fegrama.cat\/web\/wp-json\/wp\/v2\/posts\/21002\/revisions\/21003"}],"wp:featuredmedia":[{"embeddable":true,"href":"http:\/\/fegrama.cat\/web\/wp-json\/wp\/v2\/media\/17377"}],"wp:attachment":[{"href":"http:\/\/fegrama.cat\/web\/wp-json\/wp\/v2\/media?parent=21002"}],"wp:term":[{"taxonomy":"category","embeddable":true,"href":"http:\/\/fegrama.cat\/web\/wp-json\/wp\/v2\/categories?post=21002"},{"taxonomy":"post_tag","embeddable":true,"href":"http:\/\/fegrama.cat\/web\/wp-json\/wp\/v2\/tags?post=21002"}],"curies":[{"name":"wp","href":"https:\/\/api.w.org\/{rel}","templated":true}]}}