{"id":20970,"date":"2017-05-14T21:00:08","date_gmt":"2017-05-14T20:00:08","guid":{"rendered":"http:\/\/fegrama.cat\/web\/?p=20970"},"modified":"2017-05-15T15:47:58","modified_gmt":"2017-05-15T14:47:58","slug":"el-benjami-f-va-aconseguir-una-golejada","status":"publish","type":"post","link":"http:\/\/fegrama.cat\/web\/el-benjami-f-va-aconseguir-una-golejada\/","title":{"rendered":"El Benjam\u00ed F va aconseguir una golejada"},"content":{"rendered":"<p>El Benjam\u00ed F va aconseguir una vict\u00f2ria molt merescuda despr\u00e9s de golejar 7-3 al CE APA Poble Sec B. Aquest equips segueix creixent i ha millorat molt des de l&#8217;inici de temporada.<\/p>\n<p>Gran partit dels colomencs, treballant molt i sortint a la gespa amb una mentalitat guanyadora que tamb\u00e9 va ser clau. Els nois volien guanyar i van comen\u00e7ar forts avan\u00e7ant-se al marcador. Amb la Grama dominant i guanyant 3-0 es van relaxar i van rebre tres gols del rival. Al descans van parlar, el partit no podia escapar-se.<\/p>\n<p>Segona meitat magistral dels blaus, molt ordenats en defensa sense encaixar cap gol m\u00e9s, perfectes en la conducci\u00f3 i moviment de la pilota, i perfectes en atac. Mai es van confiar i van acabar golejant el Poble Sec. Ferran Flores va fer quatre gols, \u00c1ngel Gabriel un doblet i David Arakelyan va marcar un gol.<\/p>\n<div><a href=\"http:\/\/fegrama.cat\/web\/wp-content\/uploads\/2016\/12\/BF.jpg\"><img loading=\"lazy\" decoding=\"async\" class=\"aligncenter\" alt=\"BF\" src=\"http:\/\/fegrama.cat\/web\/wp-content\/uploads\/2016\/12\/BF.jpg\" width=\"560\" height=\"486\" \/><\/a><strong><\/strong><\/div>\n<p>El Benjam\u00edn F consigui\u00f3 una victoria muy merecida tras golear 7-3 al CE APA Poble Sec B. Este equipos sigue creciendo y ha mejorado mucho desde el inicio de temporada.<\/p>\n<p>Gran partido de los colomenses, trabajando mucho y saliendo al c\u00e9sped con una mentalidad ganadora que tambi\u00e9n fue clave. Los chicos quer\u00edan ganar y empezaron fuertes adelant\u00e1ndose en el marcador. Con la Grama dominando y ganando 3-0 se relajaron y recibieron tres goles del rival. Al descanso hablaron, el partido no pod\u00eda escaparse.<\/p>\n<p>Segunda mitad magistral de los azules, muy ordenados en defensa sin encajar ning\u00fan gol m\u00e1s, perfectos en la conducci\u00f3n y movimiento del bal\u00f3n, y perfectos en ataque. Nunca se confiaron y acabaron goleando al Poble Sec. Ferran Flores hizo cuatro goles, \u00c1ngel Gabriel un doblete y David Arakelyan marc\u00f3 un gol.<\/p>\n","protected":false},"excerpt":{"rendered":"<p>El Benjam\u00ed F va aconseguir una vict\u00f2ria molt merescuda despr\u00e9s de golejar 7-3 al CE APA Poble Sec B. Aquest equips segueix creixent i ha millorat molt des de l&#8217;inici de temporada. Gran partit dels colomencs, treballant molt i sortint a la gespa amb una mentalitat guanyadora que tamb\u00e9 va ser clau. Els nois volien [&hellip;]<\/p>\n","protected":false},"author":1,"featured_media":0,"comment_status":"closed","ping_status":"closed","sticky":false,"template":"","format":"standard","meta":{"footnotes":""},"categories":[4,11],"tags":[24,802],"class_list":["post-20970","post","type-post","status-publish","format-standard","hentry","category-base-inclusiu","category-benjamins","tag-fundacio-esportiva-grama","tag-municipal-les-oliveres"],"_links":{"self":[{"href":"http:\/\/fegrama.cat\/web\/wp-json\/wp\/v2\/posts\/20970","targetHints":{"allow":["GET"]}}],"collection":[{"href":"http:\/\/fegrama.cat\/web\/wp-json\/wp\/v2\/posts"}],"about":[{"href":"http:\/\/fegrama.cat\/web\/wp-json\/wp\/v2\/types\/post"}],"author":[{"embeddable":true,"href":"http:\/\/fegrama.cat\/web\/wp-json\/wp\/v2\/users\/1"}],"replies":[{"embeddable":true,"href":"http:\/\/fegrama.cat\/web\/wp-json\/wp\/v2\/comments?post=20970"}],"version-history":[{"count":1,"href":"http:\/\/fegrama.cat\/web\/wp-json\/wp\/v2\/posts\/20970\/revisions"}],"predecessor-version":[{"id":20971,"href":"http:\/\/fegrama.cat\/web\/wp-json\/wp\/v2\/posts\/20970\/revisions\/20971"}],"wp:attachment":[{"href":"http:\/\/fegrama.cat\/web\/wp-json\/wp\/v2\/media?parent=20970"}],"wp:term":[{"taxonomy":"category","embeddable":true,"href":"http:\/\/fegrama.cat\/web\/wp-json\/wp\/v2\/categories?post=20970"},{"taxonomy":"post_tag","embeddable":true,"href":"http:\/\/fegrama.cat\/web\/wp-json\/wp\/v2\/tags?post=20970"}],"curies":[{"name":"wp","href":"https:\/\/api.w.org\/{rel}","templated":true}]}}