{"id":20961,"date":"2017-05-14T21:15:46","date_gmt":"2017-05-14T20:15:46","guid":{"rendered":"http:\/\/fegrama.cat\/web\/?p=20961"},"modified":"2017-05-14T21:31:49","modified_gmt":"2017-05-14T20:31:49","slug":"el-benjami-d-ja-es-campio-de-lliga","status":"publish","type":"post","link":"http:\/\/fegrama.cat\/web\/el-benjami-d-ja-es-campio-de-lliga\/","title":{"rendered":"El Benjam\u00ed D ja \u00e9s campi\u00f3 de lliga"},"content":{"rendered":"<p>El Benjam\u00ed D va guanyar 0-13 a At.Poble Nou i es va proclamar campi\u00f3 de lliga quedant dues jornades per al final.<\/p>\n<p>Gran partit dels colomencs que van ser molt superiors al seu rival des del xiulet inicial. Tres gols de Gabriel Cort\u00e8s en els primers vuit minuts van encarrilar la vict\u00f2ria i van obrir el cam\u00ed a la golejada. Moltes imprecisions i presses en el primer quart i en el segon m\u00e9s del mateix, conduccions llargues per\u00f2 efectius de cara a porta amb gols d&#8217;Alex Li\u00f1an i David Gracia per deixar un 0-5 al descans.<\/p>\n<p>Tot estava sentenciat per\u00f2 la Grama no es va relaxar i en la segona meitat va marcar set gols m\u00e9s. Les coses van canviar amb els colomencs movent la pilota r\u00e0pid. Dos de Gabriel, dos d&#8217;Unax, dos d&#8217;Aleix i un d&#8217;\u00c1lvaro i Blai van tancar el partit. Tres punts per a un equip que segueix sense perdre i porta ja 266 gols a favor i nom\u00e9s 29 en contra.<\/p>\n<p style=\"text-align: center;\"><a href=\"http:\/\/fegrama.cat\/web\/wp-content\/uploads\/2017\/03\/IMG-20170223-WA0006.jpg\"><img loading=\"lazy\" decoding=\"async\" alt=\"IMG-20170223-WA0006\" src=\"http:\/\/fegrama.cat\/web\/wp-content\/uploads\/2017\/03\/IMG-20170223-WA0006-1024x682.jpg\" width=\"618\" height=\"411\" \/><\/a><strong><\/strong><\/p>\n<p>El Benjam\u00edn D gan\u00f3 0-13 al At.Poble Nou y se proclam\u00f3 campe\u00f3n de liga quedando dos jornadas para el final.<\/p>\n<p>Gran partido de los colomenses que fueron muy superiores a su rival desde el pitido inicial. Tres goles de Gabriel Cort\u00e9s en los primeros ocho minutos encarrilaron la victoria y abrieron el camino a la goleada. Muchas imprecisiones y prisas en el primero cuarto y en el segundo m\u00e1s de lo mismo, conducciones largas pero efectivos de cara a puerta con goles de\u00a0 Alex Li\u00f1an y David Gracia para dejar un 0-5 al descanso.<\/p>\n<p>Todo estaba sentenciado pero la Grama no se relaj\u00f3 y en la segunda mitad marc\u00f3 siete goles m\u00e1s. Las cosas cambiaron con los colomenses moviendo el bal\u00f3n r\u00e1pido. Dos de Gabriel, dos de Unax, dos de Aleix y uno de \u00c1lvaro y Blai cerraron el partido. Tres puntos para un equipo que sigue sin perder y lleva ya 266 goles a favor y solamente 29 en contra.<\/p>\n","protected":false},"excerpt":{"rendered":"<p>El Benjam\u00ed D va guanyar 0-13 a At.Poble Nou i es va proclamar campi\u00f3 de lliga quedant dues jornades per al final. Gran partit dels colomencs que van ser molt superiors al seu rival des del xiulet inicial. Tres gols de Gabriel Cort\u00e8s en els primers vuit minuts van encarrilar la vict\u00f2ria i van obrir [&hellip;]<\/p>\n","protected":false},"author":1,"featured_media":0,"comment_status":"closed","ping_status":"closed","sticky":false,"template":"","format":"standard","meta":{"footnotes":""},"categories":[4,11],"tags":[],"class_list":["post-20961","post","type-post","status-publish","format-standard","hentry","category-base-inclusiu","category-benjamins"],"_links":{"self":[{"href":"http:\/\/fegrama.cat\/web\/wp-json\/wp\/v2\/posts\/20961","targetHints":{"allow":["GET"]}}],"collection":[{"href":"http:\/\/fegrama.cat\/web\/wp-json\/wp\/v2\/posts"}],"about":[{"href":"http:\/\/fegrama.cat\/web\/wp-json\/wp\/v2\/types\/post"}],"author":[{"embeddable":true,"href":"http:\/\/fegrama.cat\/web\/wp-json\/wp\/v2\/users\/1"}],"replies":[{"embeddable":true,"href":"http:\/\/fegrama.cat\/web\/wp-json\/wp\/v2\/comments?post=20961"}],"version-history":[{"count":4,"href":"http:\/\/fegrama.cat\/web\/wp-json\/wp\/v2\/posts\/20961\/revisions"}],"predecessor-version":[{"id":20965,"href":"http:\/\/fegrama.cat\/web\/wp-json\/wp\/v2\/posts\/20961\/revisions\/20965"}],"wp:attachment":[{"href":"http:\/\/fegrama.cat\/web\/wp-json\/wp\/v2\/media?parent=20961"}],"wp:term":[{"taxonomy":"category","embeddable":true,"href":"http:\/\/fegrama.cat\/web\/wp-json\/wp\/v2\/categories?post=20961"},{"taxonomy":"post_tag","embeddable":true,"href":"http:\/\/fegrama.cat\/web\/wp-json\/wp\/v2\/tags?post=20961"}],"curies":[{"name":"wp","href":"https:\/\/api.w.org\/{rel}","templated":true}]}}