{"id":20957,"date":"2017-05-14T20:56:20","date_gmt":"2017-05-14T19:56:20","guid":{"rendered":"http:\/\/fegrama.cat\/web\/?p=20957"},"modified":"2017-05-14T20:56:20","modified_gmt":"2017-05-14T19:56:20","slug":"linfantil-d-no-va-poder-amb-el-lloreda","status":"publish","type":"post","link":"http:\/\/fegrama.cat\/web\/linfantil-d-no-va-poder-amb-el-lloreda\/","title":{"rendered":"L&#8217;Infantil D no va poder amb el Lloreda"},"content":{"rendered":"<p>L&#8217;Infantil D no va poder guanyar al CF Lloreda C, el marcador final va ser de 2-3.<\/p>\n<p>Partit on la Grama es va avan\u00e7ar molt aviat per\u00f2 no va aconseguir aprofitar-ho al concedir l&#8217;empat en un error b\u00e0sic. El Lloreda va ser m\u00e9s efectiu de cara a porta que els blaus. Als colomencs els va faltar molta flu\u00efdesa en el joc, no van jugar del tot b\u00e9 ja que els va faltar encadenar m\u00e9s passades seguides,<\/p>\n<p style=\"text-align: center;\"><a href=\"http:\/\/fegrama.cat\/web\/wp-content\/uploads\/2017\/01\/ID.jpg\"><img loading=\"lazy\" decoding=\"async\" alt=\"ID\" src=\"http:\/\/fegrama.cat\/web\/wp-content\/uploads\/2017\/01\/ID-1024x814.jpg\" width=\"618\" height=\"491\" \/><\/a><strong><\/strong><\/p>\n<div>El Infantil D no pudo ganar al CF Lloreda C, el marcador final fue de 2-3.<\/div>\n<p>Partido donde la Grama se adelant\u00f3 muy pronto pero no consigui\u00f3 aprovecharlo al conceder el empate en un error b\u00e1sico. El Lloreda fue m\u00e1s efectivo de cara a puerta que los azules. A los colomenses les falt\u00f3 mucha fluidez en el juego, no jugaron del todo bien ya que les falt\u00f3 encadenar m\u00e1s pases seguidos,<\/p>\n","protected":false},"excerpt":{"rendered":"<p>L&#8217;Infantil D no va poder guanyar al CF Lloreda C, el marcador final va ser de 2-3. Partit on la Grama es va avan\u00e7ar molt aviat per\u00f2 no va aconseguir aprofitar-ho al concedir l&#8217;empat en un error b\u00e0sic. El Lloreda va ser m\u00e9s efectiu de cara a porta que els blaus. Als colomencs els va [&hellip;]<\/p>\n","protected":false},"author":1,"featured_media":0,"comment_status":"closed","ping_status":"closed","sticky":false,"template":"","format":"standard","meta":{"footnotes":""},"categories":[4,9],"tags":[24,1145],"class_list":["post-20957","post","type-post","status-publish","format-standard","hentry","category-base-inclusiu","category-infantils","tag-fundacio-esportiva-grama","tag-municipal-de-la-grama"],"_links":{"self":[{"href":"http:\/\/fegrama.cat\/web\/wp-json\/wp\/v2\/posts\/20957","targetHints":{"allow":["GET"]}}],"collection":[{"href":"http:\/\/fegrama.cat\/web\/wp-json\/wp\/v2\/posts"}],"about":[{"href":"http:\/\/fegrama.cat\/web\/wp-json\/wp\/v2\/types\/post"}],"author":[{"embeddable":true,"href":"http:\/\/fegrama.cat\/web\/wp-json\/wp\/v2\/users\/1"}],"replies":[{"embeddable":true,"href":"http:\/\/fegrama.cat\/web\/wp-json\/wp\/v2\/comments?post=20957"}],"version-history":[{"count":1,"href":"http:\/\/fegrama.cat\/web\/wp-json\/wp\/v2\/posts\/20957\/revisions"}],"predecessor-version":[{"id":20958,"href":"http:\/\/fegrama.cat\/web\/wp-json\/wp\/v2\/posts\/20957\/revisions\/20958"}],"wp:attachment":[{"href":"http:\/\/fegrama.cat\/web\/wp-json\/wp\/v2\/media?parent=20957"}],"wp:term":[{"taxonomy":"category","embeddable":true,"href":"http:\/\/fegrama.cat\/web\/wp-json\/wp\/v2\/categories?post=20957"},{"taxonomy":"post_tag","embeddable":true,"href":"http:\/\/fegrama.cat\/web\/wp-json\/wp\/v2\/tags?post=20957"}],"curies":[{"name":"wp","href":"https:\/\/api.w.org\/{rel}","templated":true}]}}