{"id":20952,"date":"2017-05-14T20:11:28","date_gmt":"2017-05-14T19:11:28","guid":{"rendered":"http:\/\/fegrama.cat\/web\/?p=20952"},"modified":"2017-05-14T20:11:28","modified_gmt":"2017-05-14T19:11:28","slug":"bona-imatge-del-cadet-d","status":"publish","type":"post","link":"http:\/\/fegrama.cat\/web\/bona-imatge-del-cadet-d\/","title":{"rendered":"Bona imatge del Cadet D"},"content":{"rendered":"<p>El Cadet D va caure derrotat 2-4 davant el CF Don Bosco B.<\/p>\n<p>Gran partit dels colomencs malgrat la derrota. Com sol ser habitual els blaus van comen\u00e7ar forts per\u00f2 sense sort de cara a gol. El conjunt visitant en la seva primera arribada va aconseguir obrir el marcador. Novament passaria el mateix minuts m\u00e9s tard quan despr\u00e9s de fallar diverses ocasions van veure com arribaria el 0-2.<\/p>\n<p>La reacci\u00f3 local seria canviar l&#8217;esquema i en la seva primera ocasi\u00f3 van retallar dist\u00e0ncies. Tot i el gol i el bon joc va ser el Don Bosco qui va tornar a marcar, aquest cop dos gols al contraatac.<\/p>\n<p style=\"text-align: center;\"><a href=\"http:\/\/fegrama.cat\/web\/wp-content\/uploads\/2017\/01\/CD.jpg\"><img loading=\"lazy\" decoding=\"async\" alt=\"CD\" src=\"http:\/\/fegrama.cat\/web\/wp-content\/uploads\/2017\/01\/CD.jpg\" width=\"640\" height=\"480\" \/><\/a><\/p>\n<p>El Cadete D cay\u00f3 derrotado 2-4 ante el CF Don Bosco B.<\/p>\n<p>Gran partido de los colomenses a pesar de la derrota. Como suele ser habitual los azules empezaron fuertes pero sin suerte de cara a gol. El conjunto visitante en su primera llegada consigui\u00f3 abrir el marcador. Nuevamente pasar\u00eda lo mismo minutos m\u00e1s tarde cuando tras fallar varias ocasiones vieron como llegar\u00eda el 0-2.<\/p>\n<p>La reacci\u00f3n local ser\u00eda cambiar el esquema y en su primera ocasi\u00f3n recortaron distancias. Pese al gol y el buen juego fue el Don Bosco quien volvi\u00f3 a marcar, esta vez dos goles al contraataque.<\/p>\n","protected":false},"excerpt":{"rendered":"<p>El Cadet D va caure derrotat 2-4 davant el CF Don Bosco B. Gran partit dels colomencs malgrat la derrota. Com sol ser habitual els blaus van comen\u00e7ar forts per\u00f2 sense sort de cara a gol. El conjunt visitant en la seva primera arribada va aconseguir obrir el marcador. Novament passaria el mateix minuts m\u00e9s [&hellip;]<\/p>\n","protected":false},"author":1,"featured_media":0,"comment_status":"closed","ping_status":"closed","sticky":false,"template":"","format":"standard","meta":{"footnotes":""},"categories":[4,7],"tags":[24,1145],"class_list":["post-20952","post","type-post","status-publish","format-standard","hentry","category-base-inclusiu","category-cadets","tag-fundacio-esportiva-grama","tag-municipal-de-la-grama"],"_links":{"self":[{"href":"http:\/\/fegrama.cat\/web\/wp-json\/wp\/v2\/posts\/20952","targetHints":{"allow":["GET"]}}],"collection":[{"href":"http:\/\/fegrama.cat\/web\/wp-json\/wp\/v2\/posts"}],"about":[{"href":"http:\/\/fegrama.cat\/web\/wp-json\/wp\/v2\/types\/post"}],"author":[{"embeddable":true,"href":"http:\/\/fegrama.cat\/web\/wp-json\/wp\/v2\/users\/1"}],"replies":[{"embeddable":true,"href":"http:\/\/fegrama.cat\/web\/wp-json\/wp\/v2\/comments?post=20952"}],"version-history":[{"count":1,"href":"http:\/\/fegrama.cat\/web\/wp-json\/wp\/v2\/posts\/20952\/revisions"}],"predecessor-version":[{"id":20953,"href":"http:\/\/fegrama.cat\/web\/wp-json\/wp\/v2\/posts\/20952\/revisions\/20953"}],"wp:attachment":[{"href":"http:\/\/fegrama.cat\/web\/wp-json\/wp\/v2\/media?parent=20952"}],"wp:term":[{"taxonomy":"category","embeddable":true,"href":"http:\/\/fegrama.cat\/web\/wp-json\/wp\/v2\/categories?post=20952"},{"taxonomy":"post_tag","embeddable":true,"href":"http:\/\/fegrama.cat\/web\/wp-json\/wp\/v2\/tags?post=20952"}],"curies":[{"name":"wp","href":"https:\/\/api.w.org\/{rel}","templated":true}]}}