{"id":20947,"date":"2017-05-14T14:35:30","date_gmt":"2017-05-14T13:35:30","guid":{"rendered":"http:\/\/fegrama.cat\/web\/?p=20947"},"modified":"2017-05-14T14:35:30","modified_gmt":"2017-05-14T13:35:30","slug":"lalevi-c-va-fer-un-gran-partit-a-montigala","status":"publish","type":"post","link":"http:\/\/fegrama.cat\/web\/lalevi-c-va-fer-un-gran-partit-a-montigala\/","title":{"rendered":"L&#8217;Alev\u00ed C va fer un gran partit a Montigal\u00e0"},"content":{"rendered":"<p>L&#8217;Alev\u00ed C va caure derrotat 5-1 davant el CF Badalona, tercer de la lliga. Un resultat molt gran per a un partit que va ser molt igualat.<\/p>\n<p>La Grama va plantejar el partit replegats enrere per contenir els atacs d&#8217;un equip superior, i intentant sortir al contraatac. En el primer quart els colomencs van arribar a tenir dues ocasions clares per\u00f2 cap d&#8217;elles va entrar i en canvi el Badalona si va marcar la que va tenir. Poc duraria l&#8217;1-0 perqu\u00e8 primer va empatar l&#8217;equip blau amb un gol en pr\u00f2pia porta i a la seg\u00fcent jugada amb l&#8217;ajuda de rebots va arribar el 2-1.<\/p>\n<p>Inici de segona meitat el\u00e8ctric amb dos gols per cada equip. La Grama va canviar el sistema per intentar empatar en l&#8217;\u00faltim quart per\u00f2 no van aconseguir marcar, i els locals si ho van fer i en dues ocasions.<\/p>\n<p><img loading=\"lazy\" decoding=\"async\" class=\"aligncenter\" alt=\"IMG-20161015-WA0011\" src=\"http:\/\/fegrama.cat\/web\/wp-content\/uploads\/2016\/10\/IMG-20161015-WA0011.jpg\" width=\"717\" height=\"403\" \/><\/p>\n<p>El Alev\u00edn C cay\u00f3 derrotado 5-1 ante el CF Badalona, tercero de la liga. Un resultado muy grande para un partido que fue muy igualado.<\/p>\n<p>La Grama plante\u00f3 el partido replegados atr\u00e1s para contener los ataques de un equipo superior, e intentando salir al contraataque. En el primer cuarto los colomenses llegaron a tener dos ocasiones claras pero ninguna de ellas entr\u00f3 y en cambio el Badalona si marc\u00f3 la que tuvo. Poco durar\u00eda el 1-0 porqu\u00e9 primero empat\u00f3 el equipo azul con un gol en propia puerta y a la siguiente jugada con la ayuda de rebotes lleg\u00f3 el 2-1.<\/p>\n<p>Inicio de segunda mitad el\u00e9ctrico con dos goles para cada equipo. La Grama cambi\u00f3 el sistema para intentar empatar en el \u00faltimo cuarto pero no consiguieron marcar, pero los locales si lo hicieron y en dos ocasiones.<\/p>\n","protected":false},"excerpt":{"rendered":"<p>L&#8217;Alev\u00ed C va caure derrotat 5-1 davant el CF Badalona, tercer de la lliga. Un resultat molt gran per a un partit que va ser molt igualat. La Grama va plantejar el partit replegats enrere per contenir els atacs d&#8217;un equip superior, i intentant sortir al contraatac. En el primer quart els colomencs van arribar [&hellip;]<\/p>\n","protected":false},"author":1,"featured_media":0,"comment_status":"closed","ping_status":"closed","sticky":false,"template":"","format":"standard","meta":{"footnotes":""},"categories":[10,4],"tags":[24],"class_list":["post-20947","post","type-post","status-publish","format-standard","hentry","category-alevins","category-base-inclusiu","tag-fundacio-esportiva-grama"],"_links":{"self":[{"href":"http:\/\/fegrama.cat\/web\/wp-json\/wp\/v2\/posts\/20947","targetHints":{"allow":["GET"]}}],"collection":[{"href":"http:\/\/fegrama.cat\/web\/wp-json\/wp\/v2\/posts"}],"about":[{"href":"http:\/\/fegrama.cat\/web\/wp-json\/wp\/v2\/types\/post"}],"author":[{"embeddable":true,"href":"http:\/\/fegrama.cat\/web\/wp-json\/wp\/v2\/users\/1"}],"replies":[{"embeddable":true,"href":"http:\/\/fegrama.cat\/web\/wp-json\/wp\/v2\/comments?post=20947"}],"version-history":[{"count":1,"href":"http:\/\/fegrama.cat\/web\/wp-json\/wp\/v2\/posts\/20947\/revisions"}],"predecessor-version":[{"id":20948,"href":"http:\/\/fegrama.cat\/web\/wp-json\/wp\/v2\/posts\/20947\/revisions\/20948"}],"wp:attachment":[{"href":"http:\/\/fegrama.cat\/web\/wp-json\/wp\/v2\/media?parent=20947"}],"wp:term":[{"taxonomy":"category","embeddable":true,"href":"http:\/\/fegrama.cat\/web\/wp-json\/wp\/v2\/categories?post=20947"},{"taxonomy":"post_tag","embeddable":true,"href":"http:\/\/fegrama.cat\/web\/wp-json\/wp\/v2\/tags?post=20947"}],"curies":[{"name":"wp","href":"https:\/\/api.w.org\/{rel}","templated":true}]}}