{"id":20939,"date":"2017-05-14T14:16:33","date_gmt":"2017-05-14T13:16:33","guid":{"rendered":"http:\/\/fegrama.cat\/web\/?p=20939"},"modified":"2017-05-14T14:16:33","modified_gmt":"2017-05-14T13:16:33","slug":"resums-dels-equips-prebenjamins-13-de-maig","status":"publish","type":"post","link":"http:\/\/fegrama.cat\/web\/resums-dels-equips-prebenjamins-13-de-maig\/","title":{"rendered":"Resums dels equips Prebenjamins (13 de maig)"},"content":{"rendered":"<p><a href=\"http:\/\/fegrama.cat\/web\/wp-content\/uploads\/2016\/11\/PB.jpg\"><img loading=\"lazy\" decoding=\"async\" class=\"aligncenter\" alt=\"PB\" src=\"http:\/\/fegrama.cat\/web\/wp-content\/uploads\/2016\/11\/PB.jpg\" width=\"558\" height=\"468\" \/><\/a><strong><\/strong><\/p>\n<p><strong>PREBENJAM\u00cd B 6-4 CF Monta\u00f1esa B<br \/>\n<\/strong><\/p>\n<p>Els tres primers quarts van ser dominats clarament per l&#8217;equip local que va moure la pilota d&#8217;un costat a un altre, creant grans jugades col\u00b7lectives. En canvi, un mal \u00faltim quart, va fer que la Monta aconsegu\u00eds maquillar el resultat.<\/p>\n<p>Los tres primeros cuartos fueron dominados claramente por el equipo local que movi\u00f3 la pelota de un lado a otro, creando grandes jugadas colectivas. En cambio, un mal \u00faltimo cuarto, hizo que la Monta consiguiera maquillar el resultado.<\/p>\n<p><a href=\"http:\/\/fegrama.cat\/web\/wp-content\/uploads\/2016\/11\/PD.jpg\"><img loading=\"lazy\" decoding=\"async\" class=\"aligncenter\" alt=\"PD\" src=\"http:\/\/fegrama.cat\/web\/wp-content\/uploads\/2016\/11\/PD.jpg\" width=\"560\" height=\"463\" \/><\/a><strong><\/strong><\/p>\n<p><strong>PREBENJAM\u00cd C 4-2 CF Sistrells C<br \/>\n<\/strong><\/p>\n<p>Els jugadors locals van comen\u00e7ar una mica adormits en el primer quart per\u00f2 van saber espavilar i anar-se&#8217;n al descans amb 3-1. El Sistrells va pressionar en la segona meitat marcant el seu segon gol. La Grama va controlar el resultat i van aconseguir marcar el quart gol.<\/p>\n<p>Los jugadores locales empezaron un poco dormidos en el primer cuarto pero supieron espabilar y marcharse al descanso con 3-1. El Sistrells apret\u00f3 en la segunda mitad marcando su segundo gol. La Grama control\u00f3 el resultado y consiguieron marcar el cuarto gol.<\/p>\n<p><a href=\"http:\/\/fegrama.cat\/web\/wp-content\/uploads\/2017\/03\/PD.jpg\"><img loading=\"lazy\" decoding=\"async\" class=\"aligncenter\" alt=\"PD\" src=\"http:\/\/fegrama.cat\/web\/wp-content\/uploads\/2017\/03\/PD.jpg\" width=\"640\" height=\"566\" \/><\/a><\/p>\n<p><strong>CE P\u00aa Barc. Barcino C 1-7 PREBENJAM\u00cd D<\/strong><\/p>\n<p>Partit c\u00f2mode de la Grama que es va trobar un rival que va saltar a la gespa molt defensiu i ben ordenat enrere. La Fundaci\u00f3 no va tenir problemes per obrir la llauna i sentenciar el xoc r\u00e0pidament a for\u00e7a de bones combinacions.<\/p>\n<p>Partido c\u00f3modo de la Grama que se encontr\u00f3 un rival que salt\u00f3 al c\u00e9sped muy defensivo y bien ordenado atr\u00e1s. La Fundaci\u00f3 no tuvo problemas para abrir la lata y sentenciar el choque r\u00e1pidamente a base de buenas combinaciones.<\/p>\n<p><a href=\"http:\/\/fegrama.cat\/web\/wp-content\/uploads\/2016\/10\/prebE.jpg\"><img loading=\"lazy\" decoding=\"async\" class=\"aligncenter\" alt=\"prebE\" src=\"http:\/\/fegrama.cat\/web\/wp-content\/uploads\/2016\/10\/prebE.jpg\" width=\"643\" height=\"384\" \/><\/a><strong><\/strong><\/p>\n<p><strong>Semifinals Copa Cadeca: PREBENJAM\u00cd E 5-1 CD Arrabal-Calaf de Gramenet <\/strong><em>(resultat partit d&#8217;anada: 1-1)<strong><br \/>\n<\/strong><\/em><\/p>\n<p>La Grama va fer un gran partit, perfectes en defensa i efectius de cara a porteria. Primers dos quarts molt igualats, els blaus es van avan\u00e7ar en el marcador i abans del final del primer quart l&#8217;Arrabal va empatar. Amb 1-1 van arribar els dos equips al descans i despr\u00e9s del 2-1 nom\u00e9s va existir el color blau al terreny de joc. Vict\u00f2ria que els d\u00f3na el pas a la final de la Copa.<\/p>\n<p>La Grama hizo un gran partido, perfectos en defensa y efectivos de cara a porter\u00eda. Primeros dos cuartos muy igualados, los azules se adelantaron en el marcador y antes del final del primer cuarto el Arrabal empat\u00f3. Con 1-1 llegaron los dos equipos al descanso y tras el 2-1 solamente existi\u00f3 el color azul en el terreno de juego. Victoria que les da el pase a la final de la Copa.<\/p>\n","protected":false},"excerpt":{"rendered":"<p>PREBENJAM\u00cd B 6-4 CF Monta\u00f1esa B Els tres primers quarts van ser dominats clarament per l&#8217;equip local que va moure la pilota d&#8217;un costat a un altre, creant grans jugades col\u00b7lectives. En canvi, un mal \u00faltim quart, va fer que la Monta aconsegu\u00eds maquillar el resultat. Los tres primeros cuartos fueron dominados claramente por el [&hellip;]<\/p>\n","protected":false},"author":1,"featured_media":11061,"comment_status":"closed","ping_status":"closed","sticky":false,"template":"","format":"standard","meta":{"footnotes":""},"categories":[4,12],"tags":[24,802],"class_list":["post-20939","post","type-post","status-publish","format-standard","has-post-thumbnail","hentry","category-base-inclusiu","category-prebenjamins","tag-fundacio-esportiva-grama","tag-municipal-les-oliveres"],"_links":{"self":[{"href":"http:\/\/fegrama.cat\/web\/wp-json\/wp\/v2\/posts\/20939","targetHints":{"allow":["GET"]}}],"collection":[{"href":"http:\/\/fegrama.cat\/web\/wp-json\/wp\/v2\/posts"}],"about":[{"href":"http:\/\/fegrama.cat\/web\/wp-json\/wp\/v2\/types\/post"}],"author":[{"embeddable":true,"href":"http:\/\/fegrama.cat\/web\/wp-json\/wp\/v2\/users\/1"}],"replies":[{"embeddable":true,"href":"http:\/\/fegrama.cat\/web\/wp-json\/wp\/v2\/comments?post=20939"}],"version-history":[{"count":2,"href":"http:\/\/fegrama.cat\/web\/wp-json\/wp\/v2\/posts\/20939\/revisions"}],"predecessor-version":[{"id":20943,"href":"http:\/\/fegrama.cat\/web\/wp-json\/wp\/v2\/posts\/20939\/revisions\/20943"}],"wp:featuredmedia":[{"embeddable":true,"href":"http:\/\/fegrama.cat\/web\/wp-json\/wp\/v2\/media\/11061"}],"wp:attachment":[{"href":"http:\/\/fegrama.cat\/web\/wp-json\/wp\/v2\/media?parent=20939"}],"wp:term":[{"taxonomy":"category","embeddable":true,"href":"http:\/\/fegrama.cat\/web\/wp-json\/wp\/v2\/categories?post=20939"},{"taxonomy":"post_tag","embeddable":true,"href":"http:\/\/fegrama.cat\/web\/wp-json\/wp\/v2\/tags?post=20939"}],"curies":[{"name":"wp","href":"https:\/\/api.w.org\/{rel}","templated":true}]}}