{"id":20937,"date":"2017-05-14T13:31:29","date_gmt":"2017-05-14T12:31:29","guid":{"rendered":"http:\/\/fegrama.cat\/web\/?p=20937"},"modified":"2017-05-14T13:31:29","modified_gmt":"2017-05-14T12:31:29","slug":"lalevi-d-va-caure-davant-la-llefia","status":"publish","type":"post","link":"http:\/\/fegrama.cat\/web\/lalevi-d-va-caure-davant-la-llefia\/","title":{"rendered":"L&#8217;Alev\u00ed D va caure davant la Llefi\u00e0"},"content":{"rendered":"<p>L&#8217;Alev\u00ed D no va poder fer absolutament res davant la superioritat de la Unificaci\u00f3 Llefi\u00e0 B (1-10).<\/p>\n<p>Molt aviat es va posar per davant en el marcador l&#8217;equip de Badalona, molt superiors als blaus durant tot el partit. Al descans el marcador era de 0-4 per als visitants, un resultat que acabaria ampliant-se amb sis gols m\u00e9s de l&#8217;equip visitant. Fares va fer el gol de l&#8217;honor per a la Grama.<\/p>\n<p><a href=\"http:\/\/fegrama.cat\/web\/wp-content\/uploads\/2016\/11\/aleD.jpg\"><img loading=\"lazy\" decoding=\"async\" class=\"aligncenter\" alt=\"aleD\" src=\"http:\/\/fegrama.cat\/web\/wp-content\/uploads\/2016\/11\/aleD.jpg\" width=\"594\" height=\"518\" \/><\/a><strong><\/strong><\/p>\n<p>El Alev\u00edn D no pudo hacer absolutamente nada ante la superioridad de la Unificaci\u00f3n Llefi\u00e0 B (1-10).<\/p>\n<p>Muy pronto se puso por delante en el marcador el equipo de Badalona, muy superiores a los azules durante todo el partido. Al descanso el marcador era de 0-4 para los visitantes, un resultado que acabar\u00eda ampli\u00e1ndose con seis\u00a0 goles m\u00e1s del equipo visitante. Fares hizo el gol del honor para la Grama.<\/p>\n","protected":false},"excerpt":{"rendered":"<p>L&#8217;Alev\u00ed D no va poder fer absolutament res davant la superioritat de la Unificaci\u00f3 Llefi\u00e0 B (1-10). Molt aviat es va posar per davant en el marcador l&#8217;equip de Badalona, molt superiors als blaus durant tot el partit. Al descans el marcador era de 0-4 per als visitants, un resultat que acabaria ampliant-se amb sis [&hellip;]<\/p>\n","protected":false},"author":1,"featured_media":0,"comment_status":"closed","ping_status":"closed","sticky":false,"template":"","format":"standard","meta":{"footnotes":""},"categories":[10,4],"tags":[24,1145],"class_list":["post-20937","post","type-post","status-publish","format-standard","hentry","category-alevins","category-base-inclusiu","tag-fundacio-esportiva-grama","tag-municipal-de-la-grama"],"_links":{"self":[{"href":"http:\/\/fegrama.cat\/web\/wp-json\/wp\/v2\/posts\/20937","targetHints":{"allow":["GET"]}}],"collection":[{"href":"http:\/\/fegrama.cat\/web\/wp-json\/wp\/v2\/posts"}],"about":[{"href":"http:\/\/fegrama.cat\/web\/wp-json\/wp\/v2\/types\/post"}],"author":[{"embeddable":true,"href":"http:\/\/fegrama.cat\/web\/wp-json\/wp\/v2\/users\/1"}],"replies":[{"embeddable":true,"href":"http:\/\/fegrama.cat\/web\/wp-json\/wp\/v2\/comments?post=20937"}],"version-history":[{"count":1,"href":"http:\/\/fegrama.cat\/web\/wp-json\/wp\/v2\/posts\/20937\/revisions"}],"predecessor-version":[{"id":20938,"href":"http:\/\/fegrama.cat\/web\/wp-json\/wp\/v2\/posts\/20937\/revisions\/20938"}],"wp:attachment":[{"href":"http:\/\/fegrama.cat\/web\/wp-json\/wp\/v2\/media?parent=20937"}],"wp:term":[{"taxonomy":"category","embeddable":true,"href":"http:\/\/fegrama.cat\/web\/wp-json\/wp\/v2\/categories?post=20937"},{"taxonomy":"post_tag","embeddable":true,"href":"http:\/\/fegrama.cat\/web\/wp-json\/wp\/v2\/tags?post=20937"}],"curies":[{"name":"wp","href":"https:\/\/api.w.org\/{rel}","templated":true}]}}