{"id":20930,"date":"2017-05-14T13:01:06","date_gmt":"2017-05-14T12:01:06","guid":{"rendered":"http:\/\/fegrama.cat\/web\/?p=20930"},"modified":"2017-05-14T13:01:06","modified_gmt":"2017-05-14T12:01:06","slug":"lalevi-g-no-va-poder-amb-el-segon","status":"publish","type":"post","link":"http:\/\/fegrama.cat\/web\/lalevi-g-no-va-poder-amb-el-segon\/","title":{"rendered":"L&#8217;Alev\u00ed G no va poder amb el segon"},"content":{"rendered":"<p>L&#8217;Alev\u00ed G va caure derrotat 4-12 davant l&#8217;EF Premier Barcelona D, segons de la lliga.<\/p>\n<p>Els colomencs tenien un partit molt complicat davant un rival que lluita per guanyar la lliga. La Premier es va posar molt aviat amb dos gols d&#8217;avantatge per\u00f2 H\u00e9ctor va retallar dist\u00e0ncies, van encaixar el tercer i Isaac amb dos gols va aconseguir empatar al final del primer quart. Desgraciadament a partir del segon quart els visitants van ser un vendaval arribant a posar-se 3-12 en el marcador. Isaac va tancar el xoc.<\/p>\n<div><a href=\"http:\/\/fegrama.cat\/web\/wp-content\/uploads\/2016\/11\/AG.jpg\"><img loading=\"lazy\" decoding=\"async\" class=\"aligncenter\" alt=\"AG\" src=\"http:\/\/fegrama.cat\/web\/wp-content\/uploads\/2016\/11\/AG.jpg\" width=\"550\" height=\"354\" \/><\/a><strong><\/strong><\/div>\n<div><\/div>\n<div>El Alev\u00edn G cay\u00f3 derrotado 4-12 ante la EF Premier Barcelona D, segundos de la liga.<\/div>\n<div><\/div>\n<div>Los colomenses ten\u00edan un partido muy complicado ante un rival que lucha por ganar la liga. La Premier se puso muy pronto con dos goles de ventaja pero H\u00e9ctor recort\u00f3 distancias, encajaron el tercero e Isaac con dos goles consigui\u00f3 empatar al final del primer cuarto. Desgraciadamente a partir del segundo cuarto los visitantes fueron un vendaval llegando a ponerse 3-12 en el marcador. Isaac cerr\u00f3 el choque.<\/div>\n","protected":false},"excerpt":{"rendered":"<p>L&#8217;Alev\u00ed G va caure derrotat 4-12 davant l&#8217;EF Premier Barcelona D, segons de la lliga. Els colomencs tenien un partit molt complicat davant un rival que lluita per guanyar la lliga. La Premier es va posar molt aviat amb dos gols d&#8217;avantatge per\u00f2 H\u00e9ctor va retallar dist\u00e0ncies, van encaixar el tercer i Isaac amb dos [&hellip;]<\/p>\n","protected":false},"author":1,"featured_media":0,"comment_status":"closed","ping_status":"closed","sticky":false,"template":"","format":"standard","meta":{"footnotes":""},"categories":[10,4],"tags":[24,802],"class_list":["post-20930","post","type-post","status-publish","format-standard","hentry","category-alevins","category-base-inclusiu","tag-fundacio-esportiva-grama","tag-municipal-les-oliveres"],"_links":{"self":[{"href":"http:\/\/fegrama.cat\/web\/wp-json\/wp\/v2\/posts\/20930","targetHints":{"allow":["GET"]}}],"collection":[{"href":"http:\/\/fegrama.cat\/web\/wp-json\/wp\/v2\/posts"}],"about":[{"href":"http:\/\/fegrama.cat\/web\/wp-json\/wp\/v2\/types\/post"}],"author":[{"embeddable":true,"href":"http:\/\/fegrama.cat\/web\/wp-json\/wp\/v2\/users\/1"}],"replies":[{"embeddable":true,"href":"http:\/\/fegrama.cat\/web\/wp-json\/wp\/v2\/comments?post=20930"}],"version-history":[{"count":1,"href":"http:\/\/fegrama.cat\/web\/wp-json\/wp\/v2\/posts\/20930\/revisions"}],"predecessor-version":[{"id":20931,"href":"http:\/\/fegrama.cat\/web\/wp-json\/wp\/v2\/posts\/20930\/revisions\/20931"}],"wp:attachment":[{"href":"http:\/\/fegrama.cat\/web\/wp-json\/wp\/v2\/media?parent=20930"}],"wp:term":[{"taxonomy":"category","embeddable":true,"href":"http:\/\/fegrama.cat\/web\/wp-json\/wp\/v2\/categories?post=20930"},{"taxonomy":"post_tag","embeddable":true,"href":"http:\/\/fegrama.cat\/web\/wp-json\/wp\/v2\/tags?post=20930"}],"curies":[{"name":"wp","href":"https:\/\/api.w.org\/{rel}","templated":true}]}}