{"id":20928,"date":"2017-05-14T11:49:23","date_gmt":"2017-05-14T10:49:23","guid":{"rendered":"http:\/\/fegrama.cat\/web\/?p=20928"},"modified":"2017-05-14T11:49:23","modified_gmt":"2017-05-14T10:49:23","slug":"mal-partit-del-juvenil-c-a-lhospitalet-centre","status":"publish","type":"post","link":"http:\/\/fegrama.cat\/web\/mal-partit-del-juvenil-c-a-lhospitalet-centre\/","title":{"rendered":"Mal partit del Juvenil C a L&#8217;Hospitalet Centre"},"content":{"rendered":"<p>El Juvenil C va caure derrotat 4-2 davant l&#8217;At.C.Hospitalense.<\/p>\n<p>Una mala primera meitat va deixar sense\u00a0quasi opcions als colomencs. Tres gols en les \u00faniques tres arribades a l&#8217;\u00e0rea va posar un marcador de 3-0 favorable a l&#8217;Hospitalense. Els errors en defensa van posar molt costa amunt el marcador. A la segona meitat la Grama va canviar coses i dos gols de David Lara van ficar al seu equip de ple en el partit.<\/p>\n<p>Amb molt de temps per davant els blaus no van ser capa\u00e7os d&#8217;empatar i al final en una jugada va caure el quart gol.<\/p>\n<p>[divider]<\/p>\n<p>El Juvenil C cay\u00f3 derrotado 4-2 ante el At.C.Hospitalense.<\/p>\n<p>Una mala primera mitad dej\u00f3 sin casi opciones a los colomenses. Tres goles en las \u00fanicas tres llegadas al \u00e1rea puso un marcador de 3-0 favorable al Hospitalense. Los errores en defensa pusieron muy cuesta arriba el marcador. En la segunda mitad la Grama cambi\u00f3 cosas y dos goles de David Lara metieron a su equipo de lleno en el partido.<\/p>\n<p>Con mucho tiempo por delante los azules no fueron capaces de empatar y al final en una jugada cay\u00f3 el cuarto gol.<\/p>\n","protected":false},"excerpt":{"rendered":"<p>El Juvenil C va caure derrotat 4-2 davant l&#8217;At.C.Hospitalense. Una mala primera meitat va deixar sense\u00a0quasi opcions als colomencs. Tres gols en les \u00faniques tres arribades a l&#8217;\u00e0rea va posar un marcador de 3-0 favorable a l&#8217;Hospitalense. Els errors en defensa van posar molt costa amunt el marcador. A la segona meitat la Grama va [&hellip;]<\/p>\n","protected":false},"author":1,"featured_media":13084,"comment_status":"closed","ping_status":"closed","sticky":false,"template":"","format":"standard","meta":{"footnotes":""},"categories":[4,6],"tags":[24],"class_list":["post-20928","post","type-post","status-publish","format-standard","has-post-thumbnail","hentry","category-base-inclusiu","category-juvenils","tag-fundacio-esportiva-grama"],"_links":{"self":[{"href":"http:\/\/fegrama.cat\/web\/wp-json\/wp\/v2\/posts\/20928","targetHints":{"allow":["GET"]}}],"collection":[{"href":"http:\/\/fegrama.cat\/web\/wp-json\/wp\/v2\/posts"}],"about":[{"href":"http:\/\/fegrama.cat\/web\/wp-json\/wp\/v2\/types\/post"}],"author":[{"embeddable":true,"href":"http:\/\/fegrama.cat\/web\/wp-json\/wp\/v2\/users\/1"}],"replies":[{"embeddable":true,"href":"http:\/\/fegrama.cat\/web\/wp-json\/wp\/v2\/comments?post=20928"}],"version-history":[{"count":1,"href":"http:\/\/fegrama.cat\/web\/wp-json\/wp\/v2\/posts\/20928\/revisions"}],"predecessor-version":[{"id":20929,"href":"http:\/\/fegrama.cat\/web\/wp-json\/wp\/v2\/posts\/20928\/revisions\/20929"}],"wp:featuredmedia":[{"embeddable":true,"href":"http:\/\/fegrama.cat\/web\/wp-json\/wp\/v2\/media\/13084"}],"wp:attachment":[{"href":"http:\/\/fegrama.cat\/web\/wp-json\/wp\/v2\/media?parent=20928"}],"wp:term":[{"taxonomy":"category","embeddable":true,"href":"http:\/\/fegrama.cat\/web\/wp-json\/wp\/v2\/categories?post=20928"},{"taxonomy":"post_tag","embeddable":true,"href":"http:\/\/fegrama.cat\/web\/wp-json\/wp\/v2\/tags?post=20928"}],"curies":[{"name":"wp","href":"https:\/\/api.w.org\/{rel}","templated":true}]}}