{"id":20926,"date":"2017-05-14T11:40:36","date_gmt":"2017-05-14T10:40:36","guid":{"rendered":"http:\/\/fegrama.cat\/web\/?p=20926"},"modified":"2017-05-14T11:40:36","modified_gmt":"2017-05-14T10:40:36","slug":"lalevi-benjami-va-disfrutar-a-les-oliveres","status":"publish","type":"post","link":"http:\/\/fegrama.cat\/web\/lalevi-benjami-va-disfrutar-a-les-oliveres\/","title":{"rendered":"L&#8217;Alev\u00ed-Benjam\u00ed va disfrutar a Les Oliveres"},"content":{"rendered":"<p>Cinquena vict\u00f2ria consecutiva de l&#8217;Alev\u00ed-Benjam\u00ed que aquesta vegada es va imposar 11-4 a l&#8217;At.Sant Pol.<\/p>\n<p>Partid\u00e0s de les nostres noies que no van comen\u00e7ar del tot b\u00e9, cert \u00e9s que Ainara va avan\u00e7ar al seu equip per\u00f2 les visitants en pocs minuts li van donar la volta al marcador. El bon joc combinatiu de la Grama va fer efecte abans del primer quart, excel\u00b7lents en tots els aspectes. Maria amb dos gols i Ainara amb un altre van posar al seu equip de nou per sobre.<\/p>\n<p>El segon quart va comen\u00e7ar amb 4-3 i les colomenques van ser un vendaval en atac. Ainara, Maria i Laura van deixar el marcador en 7-3 al descans ia la segona meitat van tancar la golejada Maria, Andrea, Ainara i Laura. El tercer lloc cada dia est\u00e0 m\u00e9s a prop per les blaves que segueixen fent-nos gaudir de bon futbol.<\/p>\n<p><a href=\"http:\/\/fegrama.cat\/web\/wp-content\/uploads\/2016\/10\/alevben.jpg\"><img loading=\"lazy\" decoding=\"async\" class=\"aligncenter\" alt=\"alevben\" src=\"http:\/\/fegrama.cat\/web\/wp-content\/uploads\/2016\/10\/alevben.jpg\" width=\"640\" height=\"481\" \/><\/a><\/p>\n<p>Quinta victoria consecutiva del Alev\u00edn-Benjam\u00edn que esta vez se impuso 11-4 al At.Sant Pol.<\/p>\n<p>Partidazo de nuestras chicas que no empezaron del todo bien, cierto es que Ainara adelant\u00f3 a su equipo pero las visitantes en pocos minutos le dieron la vuelta al marcador. El buen juego combinativo de la Grama surti\u00f3 efecto antes del primer cuarto, excelentes en todos los aspectos. Maria con dos goles y Ainara con otro pusieron a su equipo de nuevo por encima.<\/p>\n<p>El segundo cuarto empez\u00f3 con 4-3 y las colomenses fueron un vendaval en ataque. Ainara, Maria y Laura dejaron el marcador en 7-3 al descanso y en la segunda mitad cerraron la goleada Maria, Andrea, Ainara y Laura. El tercer puesto cada d\u00eda esta m\u00e1s cerca para las azules que siguen haci\u00e9ndonos disfrutar de buen f\u00fatbol.<\/p>\n","protected":false},"excerpt":{"rendered":"<p>Cinquena vict\u00f2ria consecutiva de l&#8217;Alev\u00ed-Benjam\u00ed que aquesta vegada es va imposar 11-4 a l&#8217;At.Sant Pol. Partid\u00e0s de les nostres noies que no van comen\u00e7ar del tot b\u00e9, cert \u00e9s que Ainara va avan\u00e7ar al seu equip per\u00f2 les visitants en pocs minuts li van donar la volta al marcador. El bon joc combinatiu de la [&hellip;]<\/p>\n","protected":false},"author":1,"featured_media":0,"comment_status":"closed","ping_status":"closed","sticky":false,"template":"","format":"standard","meta":{"footnotes":""},"categories":[4,13],"tags":[24,802],"class_list":["post-20926","post","type-post","status-publish","format-standard","hentry","category-base-inclusiu","category-femeni","tag-fundacio-esportiva-grama","tag-municipal-les-oliveres"],"_links":{"self":[{"href":"http:\/\/fegrama.cat\/web\/wp-json\/wp\/v2\/posts\/20926","targetHints":{"allow":["GET"]}}],"collection":[{"href":"http:\/\/fegrama.cat\/web\/wp-json\/wp\/v2\/posts"}],"about":[{"href":"http:\/\/fegrama.cat\/web\/wp-json\/wp\/v2\/types\/post"}],"author":[{"embeddable":true,"href":"http:\/\/fegrama.cat\/web\/wp-json\/wp\/v2\/users\/1"}],"replies":[{"embeddable":true,"href":"http:\/\/fegrama.cat\/web\/wp-json\/wp\/v2\/comments?post=20926"}],"version-history":[{"count":1,"href":"http:\/\/fegrama.cat\/web\/wp-json\/wp\/v2\/posts\/20926\/revisions"}],"predecessor-version":[{"id":20927,"href":"http:\/\/fegrama.cat\/web\/wp-json\/wp\/v2\/posts\/20926\/revisions\/20927"}],"wp:attachment":[{"href":"http:\/\/fegrama.cat\/web\/wp-json\/wp\/v2\/media?parent=20926"}],"wp:term":[{"taxonomy":"category","embeddable":true,"href":"http:\/\/fegrama.cat\/web\/wp-json\/wp\/v2\/categories?post=20926"},{"taxonomy":"post_tag","embeddable":true,"href":"http:\/\/fegrama.cat\/web\/wp-json\/wp\/v2\/tags?post=20926"}],"curies":[{"name":"wp","href":"https:\/\/api.w.org\/{rel}","templated":true}]}}