{"id":20924,"date":"2017-05-14T13:18:38","date_gmt":"2017-05-14T12:18:38","guid":{"rendered":"http:\/\/fegrama.cat\/web\/?p=20924"},"modified":"2017-05-14T13:20:47","modified_gmt":"2017-05-14T12:20:47","slug":"el-juvenil-a-va-guanyar-per-la-minima-i-tanca-el-curs-cinque","status":"publish","type":"post","link":"http:\/\/fegrama.cat\/web\/el-juvenil-a-va-guanyar-per-la-minima-i-tanca-el-curs-cinque\/","title":{"rendered":"El Juvenil A va guanyar per la m\u00ednima i tanca el curs cinqu\u00e8"},"content":{"rendered":"<p>El Juvenil A va acabar la temporada en una bona cinquena posici\u00f3 despr\u00e9s d&#8217;una gran segona volta de campionat. Els colomencs van sumar 12 partits consecutius sense perdre despr\u00e9s de guanyar 1-0 a la UE Sants, subcampi\u00f3 i ascendits a Lliga Nacional.<\/p>\n<p>Primers 45 minuts de joc avorrits, la calor que feia al camp unit al fet que cap dels dos equips es jugava res va fer que no vei\u00e9ssim un partit atractiu. Poques ocasions de gol per\u00f2 un dominador de la pilota, la Grama va tenir m\u00e9s la pilota que el seu rival. A la segona meitat els blaus van donar un plus al ritme de joc per comen\u00e7ar a crear perill.<\/p>\n<p>En el segon acte Christian Algar va fer tots els canvis perqu\u00e8 aix\u00ed poguessin els jugadors acomiadar-se de la temporada i alguns dir ad\u00e9u en acabar la seva etapa de juvenil. Fins i tot el capit\u00e0, Kevin Rodr\u00edguez, encara lesionat va poder gaudir de cinc minuts. L&#8217;ocasi\u00f3 m\u00e9s clara del xoc la va tenir \u00c1ngel despr\u00e9s d&#8217;una magn\u00edfica passada a l&#8217;espai de Litri, per\u00f2 despr\u00e9s de regatejar-se al porter un defensa va evitar el seu gol.<\/p>\n<p>Al minut 88 Kenneth amb un bon xut creuat va donar la vict\u00f2ria al seu equip. S&#8217;ha acabat la temporada amb un gran cinqu\u00e8 lloc i ja toca comen\u00e7ar a pensar en la propera temporada a Preferent.<\/p>\n<p><a href=\"http:\/\/fegrama.cat\/web\/wp-content\/uploads\/2017\/05\/juvA1617.jpg\"><img loading=\"lazy\" decoding=\"async\" class=\"aligncenter  wp-image-20934\" alt=\"juvA1617\" src=\"http:\/\/fegrama.cat\/web\/wp-content\/uploads\/2017\/05\/juvA1617.jpg\" width=\"640\" height=\"426\" srcset=\"http:\/\/fegrama.cat\/web\/wp-content\/uploads\/2017\/05\/juvA1617.jpg 800w, http:\/\/fegrama.cat\/web\/wp-content\/uploads\/2017\/05\/juvA1617-300x199.jpg 300w\" sizes=\"auto, (max-width: 640px) 100vw, 640px\" \/><\/a><\/p>\n<p>El Juvenil A termin\u00f3 la temporada en una buena quinta posici\u00f3n tras una gran segunda vuelta de campeonato. Los colomenses sumaron 12 partidos consecutivos sin perder tras ganar 1-0 a la UE Sants, subcampe\u00f3n y ascendidos a Liga Nacional.<\/p>\n<p>Primeros 45 minutos de juego aburridos, el calor que hac\u00eda en el campo unido a que ninguno de los dos equipos se jugaba nada hizo que no vi\u00e9ramos un partido atractivo. Pocas ocasiones de gol pero un dominador de la pelota, la Grama tuvo m\u00e1s el bal\u00f3n que su rival. En la segunda mitad los azules dieron un plus al ritmo de juego para empezar a crear peligro.<\/p>\n<p>En el segundo acto Christian Algar hizo todos los cambios para que as\u00ed pudieran los jugadores despedirse de la temporada y algunos decir adi\u00f3s al terminar su etapa de juvenil. Incluso el capit\u00e1n, Kevin Rodr\u00edguez, todav\u00eda lesionado pudo disfrutar de cinco minutos. La ocasi\u00f3n m\u00e1s clara del choque la tuvo \u00c1ngel tras un magnifico pase al hueco de Litri, pero tras regatearse al portero un defensa evit\u00f3 su gol.<\/p>\n<p>En el minuto 88 Kenneth con un buen chute cruzado dio la victoria a su equipo. Se acab\u00f3 la temporada con un gran quinto puesto y ya toca empezar a pensar en la pr\u00f3xima temporada en Preferente.<\/p>\n","protected":false},"excerpt":{"rendered":"<p>El Juvenil A va acabar la temporada en una bona cinquena posici\u00f3 despr\u00e9s d&#8217;una gran segona volta de campionat. Els colomencs van sumar 12 partits consecutius sense perdre despr\u00e9s de guanyar 1-0 a la UE Sants, subcampi\u00f3 i ascendits a Lliga Nacional. Primers 45 minuts de joc avorrits, la calor que feia al camp unit [&hellip;]<\/p>\n","protected":false},"author":1,"featured_media":20934,"comment_status":"closed","ping_status":"closed","sticky":false,"template":"","format":"standard","meta":{"footnotes":""},"categories":[4,6],"tags":[24,1145],"class_list":["post-20924","post","type-post","status-publish","format-standard","has-post-thumbnail","hentry","category-base-inclusiu","category-juvenils","tag-fundacio-esportiva-grama","tag-municipal-de-la-grama"],"_links":{"self":[{"href":"http:\/\/fegrama.cat\/web\/wp-json\/wp\/v2\/posts\/20924","targetHints":{"allow":["GET"]}}],"collection":[{"href":"http:\/\/fegrama.cat\/web\/wp-json\/wp\/v2\/posts"}],"about":[{"href":"http:\/\/fegrama.cat\/web\/wp-json\/wp\/v2\/types\/post"}],"author":[{"embeddable":true,"href":"http:\/\/fegrama.cat\/web\/wp-json\/wp\/v2\/users\/1"}],"replies":[{"embeddable":true,"href":"http:\/\/fegrama.cat\/web\/wp-json\/wp\/v2\/comments?post=20924"}],"version-history":[{"count":3,"href":"http:\/\/fegrama.cat\/web\/wp-json\/wp\/v2\/posts\/20924\/revisions"}],"predecessor-version":[{"id":20936,"href":"http:\/\/fegrama.cat\/web\/wp-json\/wp\/v2\/posts\/20924\/revisions\/20936"}],"wp:featuredmedia":[{"embeddable":true,"href":"http:\/\/fegrama.cat\/web\/wp-json\/wp\/v2\/media\/20934"}],"wp:attachment":[{"href":"http:\/\/fegrama.cat\/web\/wp-json\/wp\/v2\/media?parent=20924"}],"wp:term":[{"taxonomy":"category","embeddable":true,"href":"http:\/\/fegrama.cat\/web\/wp-json\/wp\/v2\/categories?post=20924"},{"taxonomy":"post_tag","embeddable":true,"href":"http:\/\/fegrama.cat\/web\/wp-json\/wp\/v2\/tags?post=20924"}],"curies":[{"name":"wp","href":"https:\/\/api.w.org\/{rel}","templated":true}]}}