{"id":20922,"date":"2017-05-13T22:40:28","date_gmt":"2017-05-13T21:40:28","guid":{"rendered":"http:\/\/fegrama.cat\/web\/?p=20922"},"modified":"2017-05-13T22:40:28","modified_gmt":"2017-05-13T21:40:28","slug":"victoria-de-linfantil-a-a-montigala","status":"publish","type":"post","link":"http:\/\/fegrama.cat\/web\/victoria-de-linfantil-a-a-montigala\/","title":{"rendered":"Vict\u00f2ria de l&#8217;Infantil A a Montigal\u00e0"},"content":{"rendered":"<p>L&#8217;Infantil A va aconseguir derrotar 1-3 al CF Badalona D.<\/p>\n<p>Bon partit de la Grama a Montigal\u00e0, en defensa una mica fluixets per\u00f2 en conjunt l&#8217;equip va estar b\u00e9. Tocava reaccionar despr\u00e9s de la derrota de la setmana passada que els allunyava del campionat de lliga i els blaus ho van fer traient for\u00e7a, movent la pilota i sumant tres punts molt importants.<\/p>\n<p>Abdellah amb dos gols en el primer temps va encarrilar la vict\u00f2ria. A la segona meitat el Badalona va retallar dist\u00e0ncies en el marcador per\u00f2 l&#8217;1-2 duraria tan sols dos minuts, Aleix aconseguiria el tercer per als seus. A destacar el gran partit de Gerard en porteria que fins i tot va aturar un penal.<\/p>\n<p><a href=\"http:\/\/fegrama.cat\/web\/wp-content\/uploads\/2016\/10\/infA.jpg\"><img loading=\"lazy\" decoding=\"async\" class=\"aligncenter\" alt=\"infA\" src=\"http:\/\/fegrama.cat\/web\/wp-content\/uploads\/2016\/10\/infA.jpg\" width=\"640\" height=\"464\" \/><\/a><strong><\/strong><\/p>\n<p>El Infantil A consigui\u00f3 derrotar 1-3 al CF Badalona D.<\/p>\n<p>Buen partido de la Grama en Montigal\u00e0, en defensa algo flojitos pero en conjunto el equipo estuvo bien. Tocaba reaccionar tras la derrota de la semana pasada que los alejaba del campeonato de liga y los azules lo hicieron sacando garra, moviendo el bal\u00f3n y sumando tres puntos muy importantes.<\/p>\n<p>Abdellah con dos goles en el primer tiempo encarril\u00f3 la victoria. En la segunda mitad el Badalona recort\u00f3 distancias en el marcador pero el 1-2 durar\u00eda tan s\u00f3lo dos minutos, Aleix conseguir\u00eda el tercero para los suyos. A destacar el partidazo de Gerard en porter\u00eda que incluso detuvo un penalti.<\/p>\n","protected":false},"excerpt":{"rendered":"<p>L&#8217;Infantil A va aconseguir derrotar 1-3 al CF Badalona D. Bon partit de la Grama a Montigal\u00e0, en defensa una mica fluixets per\u00f2 en conjunt l&#8217;equip va estar b\u00e9. Tocava reaccionar despr\u00e9s de la derrota de la setmana passada que els allunyava del campionat de lliga i els blaus ho van fer traient for\u00e7a, movent [&hellip;]<\/p>\n","protected":false},"author":1,"featured_media":17869,"comment_status":"closed","ping_status":"closed","sticky":false,"template":"","format":"standard","meta":{"footnotes":""},"categories":[4,9],"tags":[],"class_list":["post-20922","post","type-post","status-publish","format-standard","has-post-thumbnail","hentry","category-base-inclusiu","category-infantils"],"_links":{"self":[{"href":"http:\/\/fegrama.cat\/web\/wp-json\/wp\/v2\/posts\/20922","targetHints":{"allow":["GET"]}}],"collection":[{"href":"http:\/\/fegrama.cat\/web\/wp-json\/wp\/v2\/posts"}],"about":[{"href":"http:\/\/fegrama.cat\/web\/wp-json\/wp\/v2\/types\/post"}],"author":[{"embeddable":true,"href":"http:\/\/fegrama.cat\/web\/wp-json\/wp\/v2\/users\/1"}],"replies":[{"embeddable":true,"href":"http:\/\/fegrama.cat\/web\/wp-json\/wp\/v2\/comments?post=20922"}],"version-history":[{"count":1,"href":"http:\/\/fegrama.cat\/web\/wp-json\/wp\/v2\/posts\/20922\/revisions"}],"predecessor-version":[{"id":20923,"href":"http:\/\/fegrama.cat\/web\/wp-json\/wp\/v2\/posts\/20922\/revisions\/20923"}],"wp:featuredmedia":[{"embeddable":true,"href":"http:\/\/fegrama.cat\/web\/wp-json\/wp\/v2\/media\/17869"}],"wp:attachment":[{"href":"http:\/\/fegrama.cat\/web\/wp-json\/wp\/v2\/media?parent=20922"}],"wp:term":[{"taxonomy":"category","embeddable":true,"href":"http:\/\/fegrama.cat\/web\/wp-json\/wp\/v2\/categories?post=20922"},{"taxonomy":"post_tag","embeddable":true,"href":"http:\/\/fegrama.cat\/web\/wp-json\/wp\/v2\/tags?post=20922"}],"curies":[{"name":"wp","href":"https:\/\/api.w.org\/{rel}","templated":true}]}}