{"id":20920,"date":"2017-05-13T22:32:56","date_gmt":"2017-05-13T21:32:56","guid":{"rendered":"http:\/\/fegrama.cat\/web\/?p=20920"},"modified":"2017-05-13T22:32:56","modified_gmt":"2017-05-13T21:32:56","slug":"linfantil-c-va-golejar-al-cuer","status":"publish","type":"post","link":"http:\/\/fegrama.cat\/web\/linfantil-c-va-golejar-al-cuer\/","title":{"rendered":"L&#8217;Infantil C va golejar al cuer"},"content":{"rendered":"<p>L&#8217;Infantil C va golejar, 8-3, el cuer de la lliga PB Villaverde-Penitents.<\/p>\n<p>Ritme\u00a0baix de partit entre dos equips separats per molt en la classificaci\u00f3, la Grama va jugar tranquil des de molt aviat ja que als 45 segons Josep obria el marcador. Els colomencs van ser superiors a un rival que no es va arronsar i va tenir ocasions. Izan i Ian van ampliar el marcador al quart d&#8217;hora.<\/p>\n<p>Abans del descans els visitants van marcar dos gols i Nico Del Oro va marcar el quart de la Grama. Primers deu minuts de la segona meitat ple de gols: Nico va fer el 5-2, el Penitents va retallar dist\u00e0ncies i poc despr\u00e9s es van marcar en pr\u00f2pia el sis\u00e8. Van arrodonir la golejada Marc i Ian.<\/p>\n<div><a href=\"http:\/\/fegrama.cat\/web\/wp-content\/uploads\/2016\/12\/IC.jpg\"><img loading=\"lazy\" decoding=\"async\" class=\"aligncenter\" alt=\"IC\" src=\"http:\/\/fegrama.cat\/web\/wp-content\/uploads\/2016\/12\/IC.jpg\" width=\"560\" height=\"503\" \/><\/a><strong><\/strong><\/div>\n<p>El Infantil C gole\u00f3, 8-3, al colista de la liga PB Villaverde-Penitents.<\/p>\n<p>Ritmo bajo de partido entre dos equipos separados por mucho en la clasificaci\u00f3n, la Grama jug\u00f3 tranquila desde muy pronto ya que a los 45 segundos Josep abr\u00eda el marcador. Los colomenses fueron superiores a un rival que no se arrug\u00f3 y tuvo ocasiones. Izan e Ian ampliaron el marcador al cuarto de hora.<\/p>\n<p>Antes del descanso los visitantes marcaron dos goles y Nico Del Oro marc\u00f3 el cuarto de la Grama. Primeros diez minutos de la segunda mitad lleno de goles: Nico hizo el 5-2, el Penitents recort\u00f3 distancias y poco despu\u00e9s se marcaron en propia el sexto. Redondearon la goleada Marc e Ian.<\/p>\n","protected":false},"excerpt":{"rendered":"<p>L&#8217;Infantil C va golejar, 8-3, el cuer de la lliga PB Villaverde-Penitents. Ritme\u00a0baix de partit entre dos equips separats per molt en la classificaci\u00f3, la Grama va jugar tranquil des de molt aviat ja que als 45 segons Josep obria el marcador. Els colomencs van ser superiors a un rival que no es va arronsar [&hellip;]<\/p>\n","protected":false},"author":1,"featured_media":18734,"comment_status":"closed","ping_status":"closed","sticky":false,"template":"","format":"standard","meta":{"footnotes":""},"categories":[4,9],"tags":[24,1145],"class_list":["post-20920","post","type-post","status-publish","format-standard","has-post-thumbnail","hentry","category-base-inclusiu","category-infantils","tag-fundacio-esportiva-grama","tag-municipal-de-la-grama"],"_links":{"self":[{"href":"http:\/\/fegrama.cat\/web\/wp-json\/wp\/v2\/posts\/20920","targetHints":{"allow":["GET"]}}],"collection":[{"href":"http:\/\/fegrama.cat\/web\/wp-json\/wp\/v2\/posts"}],"about":[{"href":"http:\/\/fegrama.cat\/web\/wp-json\/wp\/v2\/types\/post"}],"author":[{"embeddable":true,"href":"http:\/\/fegrama.cat\/web\/wp-json\/wp\/v2\/users\/1"}],"replies":[{"embeddable":true,"href":"http:\/\/fegrama.cat\/web\/wp-json\/wp\/v2\/comments?post=20920"}],"version-history":[{"count":1,"href":"http:\/\/fegrama.cat\/web\/wp-json\/wp\/v2\/posts\/20920\/revisions"}],"predecessor-version":[{"id":20921,"href":"http:\/\/fegrama.cat\/web\/wp-json\/wp\/v2\/posts\/20920\/revisions\/20921"}],"wp:featuredmedia":[{"embeddable":true,"href":"http:\/\/fegrama.cat\/web\/wp-json\/wp\/v2\/media\/18734"}],"wp:attachment":[{"href":"http:\/\/fegrama.cat\/web\/wp-json\/wp\/v2\/media?parent=20920"}],"wp:term":[{"taxonomy":"category","embeddable":true,"href":"http:\/\/fegrama.cat\/web\/wp-json\/wp\/v2\/categories?post=20920"},{"taxonomy":"post_tag","embeddable":true,"href":"http:\/\/fegrama.cat\/web\/wp-json\/wp\/v2\/tags?post=20920"}],"curies":[{"name":"wp","href":"https:\/\/api.w.org\/{rel}","templated":true}]}}