{"id":20918,"date":"2017-05-13T22:25:30","date_gmt":"2017-05-13T21:25:30","guid":{"rendered":"http:\/\/fegrama.cat\/web\/?p=20918"},"modified":"2017-05-13T22:25:30","modified_gmt":"2017-05-13T21:25:30","slug":"sense-jugar-be-el-cadet-c-guanya-remuntant","status":"publish","type":"post","link":"http:\/\/fegrama.cat\/web\/sense-jugar-be-el-cadet-c-guanya-remuntant\/","title":{"rendered":"Sense jugar b\u00e9 el Cadet C guanya remuntant"},"content":{"rendered":"<p>El Cadet C no va jugar b\u00e9 per\u00f2 va aconseguir una vict\u00f2ria per 2-1 davant la Fund.Priv.CE J\u00fapiter B.<\/p>\n<p>Els colomencs van saltar al terreny de joc per\u00f2 van fer una molt mala primera meitat, deixant la pilota a J\u00fapiter i sense jugar a futbol com ells saben. Sol abrasador, calor i poc joc, avorrits 35 minuts. Al descans els visitants es van anar guanyant 0-1 amb un gol que va arribar amb una mica de fortuna.<\/p>\n<p>A la segona meitat la imatge de la Grama va millorar una mica, prou per donar-li la volta al marcador. Iv\u00e1n Vicente a deu minuts del final va empatar i Josep amb un gol\u00e0s de falta posar el definitiu 2-1.<\/p>\n<div><a href=\"http:\/\/fegrama.cat\/web\/wp-content\/uploads\/2016\/10\/cadC.jpg\"><img loading=\"lazy\" decoding=\"async\" class=\"aligncenter\" alt=\"cadC\" src=\"http:\/\/fegrama.cat\/web\/wp-content\/uploads\/2016\/10\/cadC.jpg\" width=\"672\" height=\"504\" \/><\/a><strong><\/strong><\/div>\n<p>El Cadete C no jug\u00f3 bien pero consigui\u00f3 una victoria por 2-1 ante la Fund.Priv.CE J\u00fapiter B.<\/p>\n<p>Los colomenses saltaron al terreno de juego pero hicieron una muy mala primera mitad, dejando el bal\u00f3n al J\u00fapiter y sin jugar al f\u00fatbol como ellos saben. Sol abrasador, calor y poco juego, aburridos 35 minutos. Al descanso los visitantes se fueron ganando 0-1 con un gol que lleg\u00f3 con algo de fortuna.<\/p>\n<p>En la segunda mitad la imagen de la Grama mejor\u00f3 un poquito, lo suficiente para darle la vuelta al marcador. Iv\u00e1n Vicente a diez minutos del final empat\u00f3 y Josep con un golazo de falta puso el definitivo 2-1.<\/p>\n","protected":false},"excerpt":{"rendered":"<p>El Cadet C no va jugar b\u00e9 per\u00f2 va aconseguir una vict\u00f2ria per 2-1 davant la Fund.Priv.CE J\u00fapiter B. Els colomencs van saltar al terreny de joc per\u00f2 van fer una molt mala primera meitat, deixant la pilota a J\u00fapiter i sense jugar a futbol com ells saben. Sol abrasador, calor i poc joc, avorrits [&hellip;]<\/p>\n","protected":false},"author":1,"featured_media":17847,"comment_status":"closed","ping_status":"closed","sticky":false,"template":"","format":"standard","meta":{"footnotes":""},"categories":[4,7],"tags":[24,1145],"class_list":["post-20918","post","type-post","status-publish","format-standard","has-post-thumbnail","hentry","category-base-inclusiu","category-cadets","tag-fundacio-esportiva-grama","tag-municipal-de-la-grama"],"_links":{"self":[{"href":"http:\/\/fegrama.cat\/web\/wp-json\/wp\/v2\/posts\/20918","targetHints":{"allow":["GET"]}}],"collection":[{"href":"http:\/\/fegrama.cat\/web\/wp-json\/wp\/v2\/posts"}],"about":[{"href":"http:\/\/fegrama.cat\/web\/wp-json\/wp\/v2\/types\/post"}],"author":[{"embeddable":true,"href":"http:\/\/fegrama.cat\/web\/wp-json\/wp\/v2\/users\/1"}],"replies":[{"embeddable":true,"href":"http:\/\/fegrama.cat\/web\/wp-json\/wp\/v2\/comments?post=20918"}],"version-history":[{"count":1,"href":"http:\/\/fegrama.cat\/web\/wp-json\/wp\/v2\/posts\/20918\/revisions"}],"predecessor-version":[{"id":20919,"href":"http:\/\/fegrama.cat\/web\/wp-json\/wp\/v2\/posts\/20918\/revisions\/20919"}],"wp:featuredmedia":[{"embeddable":true,"href":"http:\/\/fegrama.cat\/web\/wp-json\/wp\/v2\/media\/17847"}],"wp:attachment":[{"href":"http:\/\/fegrama.cat\/web\/wp-json\/wp\/v2\/media?parent=20918"}],"wp:term":[{"taxonomy":"category","embeddable":true,"href":"http:\/\/fegrama.cat\/web\/wp-json\/wp\/v2\/categories?post=20918"},{"taxonomy":"post_tag","embeddable":true,"href":"http:\/\/fegrama.cat\/web\/wp-json\/wp\/v2\/tags?post=20918"}],"curies":[{"name":"wp","href":"https:\/\/api.w.org\/{rel}","templated":true}]}}