{"id":20906,"date":"2017-05-11T17:32:41","date_gmt":"2017-05-11T16:32:41","guid":{"rendered":"http:\/\/fegrama.cat\/web\/?p=20906"},"modified":"2017-05-11T17:32:41","modified_gmt":"2017-05-11T16:32:41","slug":"previes-dels-equips-alevins-12-13-i-14-de-maig","status":"publish","type":"post","link":"http:\/\/fegrama.cat\/web\/previes-dels-equips-alevins-12-13-i-14-de-maig\/","title":{"rendered":"Pr\u00e8vies dels equips Alevins (12, 13 i 14 de maig)"},"content":{"rendered":"<p><a href=\"http:\/\/fegrama.cat\/web\/wp-content\/uploads\/2016\/11\/AB.jpg\"><img loading=\"lazy\" decoding=\"async\" class=\"aligncenter\" alt=\"AB\" src=\"http:\/\/fegrama.cat\/web\/wp-content\/uploads\/2016\/11\/AB.jpg\" width=\"560\" height=\"500\" \/><\/a><\/p>\n<p><strong>ALEV\u00cd B<\/strong><\/p>\n<p>L&#8217;equip d&#8217;Alberto Mora\u00f1o juga al Municipal de la Grama diumenge a les 15 hores. El seu rival, CE APA Poble Sec, \u00e9s el cuer de la lliga amb tan sols 2 punts en el seu caseller. A m\u00e9s, divendres juguen el partit ajornat davant l&#8217;EF Premier, a les 19:10 hores al Nou Taxonera.<\/p>\n<p>El equipo de Alberto Mora\u00f1o juega en el Municipal de la Grama el domingo a las 15 horas. Su rival, CE APA Poble Sec, es el colista de la liga con tan s\u00f3lo 2 puntos en su casillero. Adem\u00e1s, el viernes juegan el partido aplazado ante la EF Premier, a las 19:10 horas en el Nou Taxonera.<\/p>\n<p><img loading=\"lazy\" decoding=\"async\" class=\"aligncenter\" alt=\"IMG-20161015-WA0011\" src=\"http:\/\/fegrama.cat\/web\/wp-content\/uploads\/2016\/10\/IMG-20161015-WA0011.jpg\" width=\"717\" height=\"403\" \/><\/p>\n<p><strong>ALEV\u00cd C<\/strong><\/p>\n<p>Els nois d&#8217;Adri\u00e1n M\u00e1rquez juguen dissabte a les 12 hores a Montigal\u00e0. Els locals, CF Badalona, s\u00f3n tercers lluitant pel segon lloc.<\/p>\n<p>Los chicos de Adri\u00e1n M\u00e1rquez juegan el s\u00e1bado a las 12 horas en Montigal\u00e0. Los locales, CF Badalona, son terceros luchando por el segundo puesto.<\/p>\n<p><a href=\"http:\/\/fegrama.cat\/web\/wp-content\/uploads\/2016\/11\/aleD.jpg\"><img loading=\"lazy\" decoding=\"async\" class=\"aligncenter\" alt=\"aleD\" src=\"http:\/\/fegrama.cat\/web\/wp-content\/uploads\/2016\/11\/aleD.jpg\" width=\"594\" height=\"518\" \/><\/a><strong><\/strong><\/p>\n<p><strong>ALEV\u00cd D<\/strong><\/p>\n<p>El conjunt dirigit per Brian Jim\u00e9nez juga al Municipal de la Grama dissabte a les 09:30 hores. El seu rival ser\u00e0 la Unificaci\u00f3 Llefi\u00e0 B, set\u00e8 classificat de la lliga.<\/p>\n<p>El conjunto dirigido por Brian Jim\u00e9nez juega en el Municipal de la Grama el s\u00e1bado a las 09:30 horas. Su rival ser\u00e1 la Unificaci\u00f3n Llefi\u00e0 B, s\u00e9ptimo clasificado de la liga.<\/p>\n<p><a href=\"http:\/\/fegrama.cat\/web\/wp-content\/uploads\/2016\/10\/alevE.jpg\"><img loading=\"lazy\" decoding=\"async\" class=\"aligncenter\" alt=\"alevE\" src=\"http:\/\/fegrama.cat\/web\/wp-content\/uploads\/2016\/10\/alevE.jpg\" width=\"634\" height=\"433\" \/><\/a><\/p>\n<p><strong>ALEV\u00cd E<\/strong><\/p>\n<p>L&#8217;equip de Jos\u00e9 Maria Tiz\u00f3n juga divendres a les 18:45 hores al Highlands School Barcelona. S&#8217;enfrontaran al Diagonal CE, des\u00e8 classificat de la lliga.<\/p>\n<p>El equipo de Jos\u00e9 Maria Tiz\u00f3n juega el viernes a las 18:45 horas en el Highlands School Barcelona. Se enfrentar\u00e1n al Diagonal CE, d\u00e9cimo clasificado de la liga.<\/p>\n<div>\n<div>\n<div><a href=\"http:\/\/fegrama.cat\/web\/wp-content\/uploads\/2016\/11\/AF.jpg\"><img loading=\"lazy\" decoding=\"async\" class=\"aligncenter\" alt=\"AF\" src=\"http:\/\/fegrama.cat\/web\/wp-content\/uploads\/2016\/11\/AF.jpg\" width=\"560\" height=\"470\" \/><\/a><strong><\/strong><\/div>\n<div><strong>ALEV\u00cd F<\/strong><\/div>\n<\/div>\n<\/div>\n<p>L&#8217;equip de Jacob Ferrer i Jordi Xatart juga dissabte a les 13 hores a l&#8217;Estadi Municipal de L&#8217;Hospitalet de Llobregat. El conjunt local, CE L&#8217;Hospitalet G, van per darrere en la classificaci\u00f3 amb 9 punts menys.<\/p>\n<p>El equipo de Jacob Ferrer\u00a0y\u00a0Jordi Xatart juega el s\u00e1bado a las 13 horas en el Estadi Municipal de L&#8217;Hospitalet de Llobregat. El conjunto local, CE L&#8217;Hospitalet G, van por detr\u00e1s en la clasificaci\u00f3n con 9 puntos menos.<\/p>\n<div><a href=\"http:\/\/fegrama.cat\/web\/wp-content\/uploads\/2016\/11\/AG.jpg\"><img loading=\"lazy\" decoding=\"async\" class=\"aligncenter\" alt=\"AG\" src=\"http:\/\/fegrama.cat\/web\/wp-content\/uploads\/2016\/11\/AG.jpg\" width=\"550\" height=\"354\" \/><\/a><strong><\/strong><\/div>\n<div><strong>ALEV\u00cd G<\/strong><\/div>\n<div><\/div>\n<div>Els nois de Daniel Zambrana juguen al Municipal de Les Oliveres a les 15 hores. El seu rival ser\u00e0 l&#8217;EF Premier Barcelona D, segons de la lliga lluitant per guanyar el campionat.<\/div>\n<div><\/div>\n<div>Los chicos de Daniel Zambrana juegan en el Municipal de Les Oliveres a las 15 horas. Su rival ser\u00e1 la EF Premier Barcelona D, segundos de la liga luchando por ganar el campeonato.<\/div>\n","protected":false},"excerpt":{"rendered":"<p>ALEV\u00cd B L&#8217;equip d&#8217;Alberto Mora\u00f1o juga al Municipal de la Grama diumenge a les 15 hores. El seu rival, CE APA Poble Sec, \u00e9s el cuer de la lliga amb tan sols 2 punts en el seu caseller. A m\u00e9s, divendres juguen el partit ajornat davant l&#8217;EF Premier, a les 19:10 hores al Nou Taxonera. [&hellip;]<\/p>\n","protected":false},"author":1,"featured_media":10699,"comment_status":"closed","ping_status":"closed","sticky":false,"template":"","format":"standard","meta":{"footnotes":""},"categories":[10,4],"tags":[24,1145,802],"class_list":["post-20906","post","type-post","status-publish","format-standard","has-post-thumbnail","hentry","category-alevins","category-base-inclusiu","tag-fundacio-esportiva-grama","tag-municipal-de-la-grama","tag-municipal-les-oliveres"],"_links":{"self":[{"href":"http:\/\/fegrama.cat\/web\/wp-json\/wp\/v2\/posts\/20906","targetHints":{"allow":["GET"]}}],"collection":[{"href":"http:\/\/fegrama.cat\/web\/wp-json\/wp\/v2\/posts"}],"about":[{"href":"http:\/\/fegrama.cat\/web\/wp-json\/wp\/v2\/types\/post"}],"author":[{"embeddable":true,"href":"http:\/\/fegrama.cat\/web\/wp-json\/wp\/v2\/users\/1"}],"replies":[{"embeddable":true,"href":"http:\/\/fegrama.cat\/web\/wp-json\/wp\/v2\/comments?post=20906"}],"version-history":[{"count":1,"href":"http:\/\/fegrama.cat\/web\/wp-json\/wp\/v2\/posts\/20906\/revisions"}],"predecessor-version":[{"id":20907,"href":"http:\/\/fegrama.cat\/web\/wp-json\/wp\/v2\/posts\/20906\/revisions\/20907"}],"wp:featuredmedia":[{"embeddable":true,"href":"http:\/\/fegrama.cat\/web\/wp-json\/wp\/v2\/media\/10699"}],"wp:attachment":[{"href":"http:\/\/fegrama.cat\/web\/wp-json\/wp\/v2\/media?parent=20906"}],"wp:term":[{"taxonomy":"category","embeddable":true,"href":"http:\/\/fegrama.cat\/web\/wp-json\/wp\/v2\/categories?post=20906"},{"taxonomy":"post_tag","embeddable":true,"href":"http:\/\/fegrama.cat\/web\/wp-json\/wp\/v2\/tags?post=20906"}],"curies":[{"name":"wp","href":"https:\/\/api.w.org\/{rel}","templated":true}]}}