{"id":20904,"date":"2017-05-11T17:15:55","date_gmt":"2017-05-11T16:15:55","guid":{"rendered":"http:\/\/fegrama.cat\/web\/?p=20904"},"modified":"2017-05-11T17:15:55","modified_gmt":"2017-05-11T16:15:55","slug":"el-cadet-a-juga-dissabte-a-esplugues","status":"publish","type":"post","link":"http:\/\/fegrama.cat\/web\/el-cadet-a-juga-dissabte-a-esplugues\/","title":{"rendered":"El Cadet A juga dissabte a Esplugues"},"content":{"rendered":"<p>El conjunt dirigit per<strong> Christian Rueda<\/strong> vol treure punts fora de casa per seguir acostant-se a l&#8217;anhelada perman\u00e8ncia.<\/p>\n<p style=\"text-align: center;\"><strong>Dissabte a les 16 hores al Municipal El Mol\u00ed.<\/strong><\/p>\n<p>El conjunt local, <strong>CF Can Vidalet<\/strong>, \u00e9s el set\u00e8 classificat de la lliga. Portaven set jornades seguides sense perdre i la setmana passada van caure.<\/p>\n<p><a href=\"http:\/\/fegrama.cat\/web\/wp-content\/uploads\/2016\/11\/ca.jpg\"><img loading=\"lazy\" decoding=\"async\" class=\"aligncenter\" alt=\"ca\" src=\"http:\/\/fegrama.cat\/web\/wp-content\/uploads\/2016\/11\/ca-1024x768.jpg\" width=\"618\" height=\"463\" \/><\/a><\/p>\n<p>El conjunto dirigido por\u00a0<strong>Christian Rueda<\/strong> quiere sacar puntos fuera de casa para seguir acerc\u00e1ndose a la ansiada permanencia.<\/p>\n<p style=\"text-align: center;\"><strong>El s\u00e1bado a las 16 horas en el Municipal El Mol\u00ed.<\/strong><\/p>\n<p>El conjunto local, <strong>CF Can Vidalet<\/strong>, es el s\u00e9ptimo clasificado de la liga. Llevaban siete jornadas seguidas sin perder y la semana pasada cayeron.<\/p>\n","protected":false},"excerpt":{"rendered":"<p>El conjunt dirigit per Christian Rueda vol treure punts fora de casa per seguir acostant-se a l&#8217;anhelada perman\u00e8ncia. Dissabte a les 16 hores al Municipal El Mol\u00ed. El conjunt local, CF Can Vidalet, \u00e9s el set\u00e8 classificat de la lliga. Portaven set jornades seguides sense perdre i la setmana passada van caure. El conjunto dirigido [&hellip;]<\/p>\n","protected":false},"author":1,"featured_media":18420,"comment_status":"closed","ping_status":"closed","sticky":false,"template":"","format":"standard","meta":{"footnotes":""},"categories":[4,7],"tags":[24],"class_list":["post-20904","post","type-post","status-publish","format-standard","has-post-thumbnail","hentry","category-base-inclusiu","category-cadets","tag-fundacio-esportiva-grama"],"_links":{"self":[{"href":"http:\/\/fegrama.cat\/web\/wp-json\/wp\/v2\/posts\/20904","targetHints":{"allow":["GET"]}}],"collection":[{"href":"http:\/\/fegrama.cat\/web\/wp-json\/wp\/v2\/posts"}],"about":[{"href":"http:\/\/fegrama.cat\/web\/wp-json\/wp\/v2\/types\/post"}],"author":[{"embeddable":true,"href":"http:\/\/fegrama.cat\/web\/wp-json\/wp\/v2\/users\/1"}],"replies":[{"embeddable":true,"href":"http:\/\/fegrama.cat\/web\/wp-json\/wp\/v2\/comments?post=20904"}],"version-history":[{"count":1,"href":"http:\/\/fegrama.cat\/web\/wp-json\/wp\/v2\/posts\/20904\/revisions"}],"predecessor-version":[{"id":20905,"href":"http:\/\/fegrama.cat\/web\/wp-json\/wp\/v2\/posts\/20904\/revisions\/20905"}],"wp:featuredmedia":[{"embeddable":true,"href":"http:\/\/fegrama.cat\/web\/wp-json\/wp\/v2\/media\/18420"}],"wp:attachment":[{"href":"http:\/\/fegrama.cat\/web\/wp-json\/wp\/v2\/media?parent=20904"}],"wp:term":[{"taxonomy":"category","embeddable":true,"href":"http:\/\/fegrama.cat\/web\/wp-json\/wp\/v2\/categories?post=20904"},{"taxonomy":"post_tag","embeddable":true,"href":"http:\/\/fegrama.cat\/web\/wp-json\/wp\/v2\/tags?post=20904"}],"curies":[{"name":"wp","href":"https:\/\/api.w.org\/{rel}","templated":true}]}}