{"id":20902,"date":"2017-05-11T17:11:19","date_gmt":"2017-05-11T16:11:19","guid":{"rendered":"http:\/\/fegrama.cat\/web\/?p=20902"},"modified":"2017-05-11T17:11:19","modified_gmt":"2017-05-11T16:11:19","slug":"previes-dels-equips-benjamins-13-i-14-de-maig","status":"publish","type":"post","link":"http:\/\/fegrama.cat\/web\/previes-dels-equips-benjamins-13-i-14-de-maig\/","title":{"rendered":"Pr\u00e8vies dels equips Benjamins (13 i 14 de maig)"},"content":{"rendered":"<p><a href=\"http:\/\/fegrama.cat\/web\/wp-content\/uploads\/2016\/10\/benjA.jpg\"><img loading=\"lazy\" decoding=\"async\" class=\"aligncenter\" alt=\"benjA\" src=\"http:\/\/fegrama.cat\/web\/wp-content\/uploads\/2016\/10\/benjA.jpg\" width=\"557\" height=\"417\" \/><\/a><strong>BENJAM\u00cd A\u00a0<\/strong><\/p>\n<p>L&#8217;equip de Carlos i Carles Mart\u00edn juga diumenge a les 15 hores a Meiland. El seu rival ser\u00e0 el Tecnof\u00fatbol CF, equip amb deu punts menys que la Fundaci\u00f3.<\/p>\n<p>El equipo de Carlos y Carles Mart\u00edn juega el domingo a las 15 horas en Meiland. Su rival ser\u00e1 el Tecnof\u00fatbol CF, equipo con diez puntos menos que la Fundaci\u00f3.<\/p>\n<p><a href=\"http:\/\/fegrama.cat\/web\/wp-content\/uploads\/2016\/10\/benjB.jpg\"><img loading=\"lazy\" decoding=\"async\" class=\"aligncenter\" alt=\"benjB\" src=\"http:\/\/fegrama.cat\/web\/wp-content\/uploads\/2016\/10\/benjB.jpg\" width=\"556\" height=\"418\" \/><\/a><strong>BENJAM\u00cd B<\/strong><\/p>\n<p>Els nois de Marcos D\u00edaz juga dissabte a les 10 hores al Municipal de la Grama. S&#8217;enfrontaran CF Igualada C, sis\u00e8 classificat de la lliga amb cinc punts menys que els colomencs.<\/p>\n<p>Los chicos de Marcos D\u00edaz juega el s\u00e1bado a las 10 horas en el Municipal de la Grama. Se enfrentar\u00e1n CF Igualada C, sexto clasificado de la liga con cinco puntos menos que los colomenses.<\/p>\n<div><a href=\"http:\/\/fegrama.cat\/web\/wp-content\/uploads\/2016\/11\/BC.jpg\"><img loading=\"lazy\" decoding=\"async\" class=\"aligncenter\" alt=\"BC\" src=\"http:\/\/fegrama.cat\/web\/wp-content\/uploads\/2016\/11\/BC.jpg\" width=\"560\" height=\"478\" \/><\/a><strong><\/strong><\/div>\n<div><strong>BENJAM\u00cd C<\/strong><\/div>\n<p>El conjunt dirigit per Juanma Amate i Xavi Jim\u00e9nez t\u00e9 partit diumenge a les 09 hores al Municipal de Santa Eul\u00e0lia. Els locals, CF Santa Eul\u00e0lia, equip que lluita per quedar per sobre del descens.<\/p>\n<p>El conjunto dirigido por Juanma Amate y Xavi Jim\u00e9nez tiene partido el domingo a las 09 horas en el Municipal de Santa Eul\u00e0lia. Los locales, CF Santa Eul\u00e0lia, equipo que lucha por quedar por encima del descenso.<\/p>\n<p><a href=\"http:\/\/fegrama.cat\/web\/wp-content\/uploads\/2017\/03\/IMG-20170223-WA0006.jpg\"><img loading=\"lazy\" decoding=\"async\" class=\"aligncenter\" alt=\"IMG-20170223-WA0006\" src=\"http:\/\/fegrama.cat\/web\/wp-content\/uploads\/2017\/03\/IMG-20170223-WA0006-1024x682.jpg\" width=\"618\" height=\"411\" \/><\/a><strong><\/strong><\/p>\n<p><strong>BENJAM\u00cd D<\/strong><\/p>\n<p>L\u2019equip de Juan Carlos Espinosa vol ratllar del calendari una jornada m\u00e9s per acostar-se al t\u00edtol de lliga. Diumenge a les 10 hores al Municipal de la Grama s\u2019enfrontaran al CD Pomar B, sis\u00e8 classificat.<\/p>\n<p>El equipo de Juan Carlos Espinosa juega el s\u00e1bado a las 10:15 horas en el CEM Vila Ol\u00edmpica. Su rival ser\u00e1 el At.Poble Nou, colista de la liga que ha ganado dos de sus \u00faltimos cinco partidos.<\/p>\n<div><a href=\"http:\/\/fegrama.cat\/web\/wp-content\/uploads\/2016\/12\/BF.jpg\"><img loading=\"lazy\" decoding=\"async\" class=\"aligncenter\" alt=\"BF\" src=\"http:\/\/fegrama.cat\/web\/wp-content\/uploads\/2016\/12\/BF.jpg\" width=\"560\" height=\"486\" \/><\/a><strong><\/strong><\/div>\n<div><strong>BENJAM\u00cd F<\/strong><\/div>\n<p>Els nois d&#8217;Alejandro \u00c1lvarez jugaran al Municipal Les Oliveres dissabte a les 11:30 hores. S&#8217;enfrontaran al CE APA Poble Sec B, equip de la part baixa de la lliga.<\/p>\n<p>Los chicos de Alejandro \u00c1lvarez jugar\u00e1n en el Municipal Les Oliveres el s\u00e1bado a las 11:30 horas. Se enfrentar\u00e1n al CE APA Poble Sec B, equipo de la parte baja de la liga.<\/p>\n","protected":false},"excerpt":{"rendered":"<p>BENJAM\u00cd A\u00a0 L&#8217;equip de Carlos i Carles Mart\u00edn juga diumenge a les 15 hores a Meiland. El seu rival ser\u00e0 el Tecnof\u00fatbol CF, equip amb deu punts menys que la Fundaci\u00f3. El equipo de Carlos y Carles Mart\u00edn juega el domingo a las 15 horas en Meiland. Su rival ser\u00e1 el Tecnof\u00fatbol CF, equipo con [&hellip;]<\/p>\n","protected":false},"author":1,"featured_media":6099,"comment_status":"closed","ping_status":"closed","sticky":false,"template":"","format":"standard","meta":{"footnotes":""},"categories":[4,11],"tags":[24,1145],"class_list":["post-20902","post","type-post","status-publish","format-standard","has-post-thumbnail","hentry","category-base-inclusiu","category-benjamins","tag-fundacio-esportiva-grama","tag-municipal-de-la-grama"],"_links":{"self":[{"href":"http:\/\/fegrama.cat\/web\/wp-json\/wp\/v2\/posts\/20902","targetHints":{"allow":["GET"]}}],"collection":[{"href":"http:\/\/fegrama.cat\/web\/wp-json\/wp\/v2\/posts"}],"about":[{"href":"http:\/\/fegrama.cat\/web\/wp-json\/wp\/v2\/types\/post"}],"author":[{"embeddable":true,"href":"http:\/\/fegrama.cat\/web\/wp-json\/wp\/v2\/users\/1"}],"replies":[{"embeddable":true,"href":"http:\/\/fegrama.cat\/web\/wp-json\/wp\/v2\/comments?post=20902"}],"version-history":[{"count":1,"href":"http:\/\/fegrama.cat\/web\/wp-json\/wp\/v2\/posts\/20902\/revisions"}],"predecessor-version":[{"id":20903,"href":"http:\/\/fegrama.cat\/web\/wp-json\/wp\/v2\/posts\/20902\/revisions\/20903"}],"wp:featuredmedia":[{"embeddable":true,"href":"http:\/\/fegrama.cat\/web\/wp-json\/wp\/v2\/media\/6099"}],"wp:attachment":[{"href":"http:\/\/fegrama.cat\/web\/wp-json\/wp\/v2\/media?parent=20902"}],"wp:term":[{"taxonomy":"category","embeddable":true,"href":"http:\/\/fegrama.cat\/web\/wp-json\/wp\/v2\/categories?post=20902"},{"taxonomy":"post_tag","embeddable":true,"href":"http:\/\/fegrama.cat\/web\/wp-json\/wp\/v2\/tags?post=20902"}],"curies":[{"name":"wp","href":"https:\/\/api.w.org\/{rel}","templated":true}]}}