{"id":20900,"date":"2017-05-11T16:28:07","date_gmt":"2017-05-11T15:28:07","guid":{"rendered":"http:\/\/fegrama.cat\/web\/?p=20900"},"modified":"2017-05-11T16:28:07","modified_gmt":"2017-05-11T15:28:07","slug":"previes-dels-equips-cadets-13-i-14-de-maig","status":"publish","type":"post","link":"http:\/\/fegrama.cat\/web\/previes-dels-equips-cadets-13-i-14-de-maig\/","title":{"rendered":"Pr\u00e8vies dels equips Cadets (13 i 14 de maig)"},"content":{"rendered":"<p><a href=\"http:\/\/fegrama.cat\/web\/wp-content\/uploads\/2016\/11\/CB.jpg\"><img loading=\"lazy\" decoding=\"async\" class=\"aligncenter\" alt=\"CB\" src=\"http:\/\/fegrama.cat\/web\/wp-content\/uploads\/2016\/11\/CB.jpg\" width=\"624\" height=\"494\" \/><\/a><\/p>\n<p><strong>CADET B<\/strong><\/p>\n<p>El conjunt d&#8217;Oscar P\u00e9rez jugar\u00e0 a casa el dissabte a les 15:15 hores. El seu rival ser\u00e0 el CF Parets C, equip que lluita per no baixar.<\/p>\n<p>El conjunto de Oscar P\u00e9rez jugar\u00e1 en casa el s\u00e1bado a las 15:15 horas. Su rival ser\u00e1 el CF Parets C, equipo que lucha por no descender.<\/p>\n<div><a href=\"http:\/\/fegrama.cat\/web\/wp-content\/uploads\/2016\/10\/cadC.jpg\"><img loading=\"lazy\" decoding=\"async\" class=\"aligncenter\" alt=\"cadC\" src=\"http:\/\/fegrama.cat\/web\/wp-content\/uploads\/2016\/10\/cadC.jpg\" width=\"672\" height=\"504\" \/><\/a><strong><\/strong><\/div>\n<div><strong>CADET C<\/strong><\/div>\n<p>L&#8217;equip de Luis Maria Hernando i Ram\u00f3n Dom\u00ednguez t\u00e9 partit al Municipal de la Grama dissabte a les 13:15 hores. S&#8217;enfrontaran a la Fund.Priv.CE J\u00fapiter B, equip de meitat de taula que porta cinc partits seguits sense guanyar.<\/p>\n<p>El equipo de Luis Maria Hernando\u00a0y\u00a0Ram\u00f3n Dom\u00ednguez tiene partido en el Municipal de la Grama el s\u00e1bado a las 13:15 horas. Se enfrentar\u00e1n a la Fund.Priv.CE J\u00fapiter B, equipo de mitad de tabla que lleva cinco partidos seguidos sin ganar.<\/p>\n<p><a href=\"http:\/\/fegrama.cat\/web\/wp-content\/uploads\/2017\/01\/CD.jpg\"><img loading=\"lazy\" decoding=\"async\" class=\"aligncenter\" alt=\"CD\" src=\"http:\/\/fegrama.cat\/web\/wp-content\/uploads\/2017\/01\/CD.jpg\" width=\"640\" height=\"480\" \/><\/a><\/p>\n<p><strong>CADET D<\/strong><\/p>\n<p>L&#8217;equip de Luis Cort\u00e9s i Musin Chana juga a casa el dissabte a les 19:20 hores davant el CF Don Bosco B.<\/p>\n<p>El equipo de Luis Cort\u00e9s y Musin Chana juega en casa el s\u00e1bado a las 19:20 horas ante el CF Don Bosco B.<\/p>\n","protected":false},"excerpt":{"rendered":"<p>CADET B El conjunt d&#8217;Oscar P\u00e9rez jugar\u00e0 a casa el dissabte a les 15:15 hores. El seu rival ser\u00e0 el CF Parets C, equip que lluita per no baixar. El conjunto de Oscar P\u00e9rez jugar\u00e1 en casa el s\u00e1bado a las 15:15 horas. Su rival ser\u00e1 el CF Parets C, equipo que lucha por no [&hellip;]<\/p>\n","protected":false},"author":1,"featured_media":6220,"comment_status":"closed","ping_status":"closed","sticky":false,"template":"","format":"standard","meta":{"footnotes":""},"categories":[4,7],"tags":[24,1145],"class_list":["post-20900","post","type-post","status-publish","format-standard","has-post-thumbnail","hentry","category-base-inclusiu","category-cadets","tag-fundacio-esportiva-grama","tag-municipal-de-la-grama"],"_links":{"self":[{"href":"http:\/\/fegrama.cat\/web\/wp-json\/wp\/v2\/posts\/20900","targetHints":{"allow":["GET"]}}],"collection":[{"href":"http:\/\/fegrama.cat\/web\/wp-json\/wp\/v2\/posts"}],"about":[{"href":"http:\/\/fegrama.cat\/web\/wp-json\/wp\/v2\/types\/post"}],"author":[{"embeddable":true,"href":"http:\/\/fegrama.cat\/web\/wp-json\/wp\/v2\/users\/1"}],"replies":[{"embeddable":true,"href":"http:\/\/fegrama.cat\/web\/wp-json\/wp\/v2\/comments?post=20900"}],"version-history":[{"count":1,"href":"http:\/\/fegrama.cat\/web\/wp-json\/wp\/v2\/posts\/20900\/revisions"}],"predecessor-version":[{"id":20901,"href":"http:\/\/fegrama.cat\/web\/wp-json\/wp\/v2\/posts\/20900\/revisions\/20901"}],"wp:featuredmedia":[{"embeddable":true,"href":"http:\/\/fegrama.cat\/web\/wp-json\/wp\/v2\/media\/6220"}],"wp:attachment":[{"href":"http:\/\/fegrama.cat\/web\/wp-json\/wp\/v2\/media?parent=20900"}],"wp:term":[{"taxonomy":"category","embeddable":true,"href":"http:\/\/fegrama.cat\/web\/wp-json\/wp\/v2\/categories?post=20900"},{"taxonomy":"post_tag","embeddable":true,"href":"http:\/\/fegrama.cat\/web\/wp-json\/wp\/v2\/tags?post=20900"}],"curies":[{"name":"wp","href":"https:\/\/api.w.org\/{rel}","templated":true}]}}