{"id":20852,"date":"2017-05-07T22:12:08","date_gmt":"2017-05-07T21:12:08","guid":{"rendered":"http:\/\/fegrama.cat\/web\/?p=20852"},"modified":"2017-05-07T22:12:08","modified_gmt":"2017-05-07T21:12:08","slug":"suspes-quan-guanyava-la-grama","status":"publish","type":"post","link":"http:\/\/fegrama.cat\/web\/suspes-quan-guanyava-la-grama\/","title":{"rendered":"Susp\u00e8s quan guanyava la Grama"},"content":{"rendered":"<p><a href=\"http:\/\/fegrama.cat\/web\/wp-content\/uploads\/2017\/05\/11baronfeg.jpg\"><img loading=\"lazy\" decoding=\"async\" class=\"aligncenter\" alt=\"11baronfeg\" src=\"http:\/\/fegrama.cat\/web\/wp-content\/uploads\/2017\/05\/11baronfeg.jpg\" width=\"640\" height=\"480\" \/><\/a><\/p>\n<p>El partit al Municipal Trinitat Vella va acabar abans d&#8217;hora en ser susp\u00e8s a falta de vuit minuts per al final. La FE Grama havia donat la volta al resultat i guanyava 1-2 al Bes\u00f2s Bar\u00f3n de Viver, i el que resta de xoc s&#8217;haur\u00e0 de reprendre.<\/p>\n<p>Primers compassos del joc molt igualats, cap dels dos equips aconseguia fer-se amb el domini de la pilota i les ocasions no arribaven. Des de lluny ho van intentar Roberto Morales i l&#8217;ex-jugador de la Grama David P\u00e9rez amb llan\u00e7aments de falta. La igualtat es trencaria quan el Bar\u00f3n de Viver es va avan\u00e7ar en el marcador, al minut 23 el jugador local Alex va empalar un xut des de fora de l&#8217;\u00e0rea aprofitant un rebuig.<\/p>\n<p>Despr\u00e9s del gol els blaus es van fer amb la pilota, movent la pilota a la recerca del gol i penjant pilotes. Crist\u00f3bal va ser el protagonista en atac en fregar l&#8217;empat amb un cop de cap i m\u00e9s tard quan va marcar per\u00f2 el seu gol va ser anul\u00b7lat per fora de joc, la primera pol\u00e8mica del partit ja que el jugador no ho estava.<\/p>\n<p>La segona meitat comen\u00e7aria amb pol\u00e8mica quan l&#8217;\u00e0rbitre assenyalava un penal per agafada molt protestat per la grada. Roberto Morales fallaria el penal ja que el porter local ho atajar\u00eda. La Grama no es rendiria i va seguir controlant el joc i arribant a l&#8217;\u00e0rea rival. Al minut 65 Charly va ca\u00e7ar una pilota penjada i va rematar de cap, amb l&#8217;ajuda del pal la pilota acabaria dins sent l&#8217;1-1.<\/p>\n<p>L&#8217;empat seguia sent dolent per als colomencs que conscients d&#8217;aix\u00f2 van anar a buscar m\u00e9s i al minut 77 el van trobar. Crist\u00f3bal de volea va marcar un aut\u00e8ntic gol\u00e0s per posar el seu equip per davant. La seg\u00fcent acci\u00f3 pol\u00e8mica arribaria poc despr\u00e9s quan l&#8217;\u00e0rbitre no va dubtar a expulsar un jugador local, des de la dist\u00e0ncia poc es va poder apreciar per\u00f2 tot feia indicar que alguna cosa va escoltar el col\u00b7legiat.<\/p>\n<p>Una falta a Lamin acabaria en una petita picabaralla i amb la grada ja incendiada el partit es va acabar quan verbalment van faltar a l&#8217;\u00e0rbitre.<\/p>\n<p><a href=\"http:\/\/fegrama.cat\/web\/wp-content\/uploads\/2017\/05\/11baronfeg.jpg\"><img loading=\"lazy\" decoding=\"async\" class=\"aligncenter  wp-image-20853\" alt=\"11baronfeg\" src=\"http:\/\/fegrama.cat\/web\/wp-content\/uploads\/2017\/05\/11baronfeg.jpg\" width=\"640\" height=\"480\" srcset=\"http:\/\/fegrama.cat\/web\/wp-content\/uploads\/2017\/05\/11baronfeg.jpg 800w, http:\/\/fegrama.cat\/web\/wp-content\/uploads\/2017\/05\/11baronfeg-300x225.jpg 300w\" sizes=\"auto, (max-width: 640px) 100vw, 640px\" \/><\/a><\/p>\n<p>El partido en el Municipal Trinitat Vella termin\u00f3 antes de tiempo al ser suspendido a falta de ocho minutos para el final. La FE Grama hab\u00eda dado la vuelta al resultado y ganaba 1-2 al Bes\u00f2s Bar\u00f3n de Viver, lo que resta de choque se tendr\u00e1 que reanudar.<\/p>\n<p>Primeros compases del juego muy igualados, ninguno de los dos equipos consegu\u00eda hacerse con el dominio de la pelota y las ocasiones no llegaban. Desde lejos lo intentaron Roberto Morales y el ex-jugador de la Grama David P\u00e9rez con lanzamientos de falta. La igualdad se romper\u00eda cuando el Bar\u00f3n de Viver se adelant\u00f3 en el marcador, en el minuto 23 el jugador local empal\u00f3 un chute desde fuera del \u00e1rea aprovechando un rechace.<\/p>\n<p>Tras el gol los azules se hicieron con el bal\u00f3n, moviendo la pelota en busca del gol y colgando balones. Crist\u00f3bal fue el protagonista en ataque al rozar el empate con una cabezazo y m\u00e1s tarde cuando marc\u00f3 pero su gol fue anulado por fuera de juego, la primera pol\u00e9mica del partido pues el jugador no lo estaba.<\/p>\n<p>La segunda mitad empezar\u00eda con pol\u00e9mica cuando el \u00e1rbitro se\u00f1alaba un penalti por agarr\u00f3n muy protestado por la grada. Roberto Morales fallar\u00eda el penalti ya que el portero local lo atajar\u00eda. La Grama no se rendir\u00eda y sigui\u00f3 controlando el juego y llegando al \u00e1rea rival. En el minuto 65 Charly caz\u00f3 un bal\u00f3n colgado y remat\u00f3 de cabeza, con la ayuda del palo el bal\u00f3n acabar\u00eda dentro siendo el 1-1.<\/p>\n<p>El empate segu\u00eda siendo malo para los colomenses que conscientes de ello fueron a buscar m\u00e1s y en el minuto 77 lo encontraron. Crist\u00f3bal de volea marc\u00f3 un aut\u00e9ntico golazo para poner a su equipo por delante. La siguiente acci\u00f3n pol\u00e9mica llegar\u00eda poco despu\u00e9s cuando el \u00e1rbitro no dud\u00f3 en expulsar a un jugador local, desde la distancia poco se pudo apreciar pero todo hac\u00eda indicar que algo escuch\u00f3 el colegiado.<\/p>\n<p>Una falta a Lamin acabar\u00eda en un peque\u00f1o rifirrafe y con la grada ya incendiada el partido se acab\u00f3 cuando verbalmente faltaron al \u00e1rbitro.<\/p>\n","protected":false},"excerpt":{"rendered":"<p>El partit al Municipal Trinitat Vella va acabar abans d&#8217;hora en ser susp\u00e8s a falta de vuit minuts per al final. La FE Grama havia donat la volta al resultat i guanyava 1-2 al Bes\u00f2s Bar\u00f3n de Viver, i el que resta de xoc s&#8217;haur\u00e0 de reprendre. Primers compassos del joc molt igualats, cap dels [&hellip;]<\/p>\n","protected":false},"author":1,"featured_media":20853,"comment_status":"closed","ping_status":"closed","sticky":false,"template":"","format":"standard","meta":{"footnotes":""},"categories":[4,5],"tags":[1146,24,1107],"class_list":["post-20852","post","type-post","status-publish","format-standard","has-post-thumbnail","hentry","category-base-inclusiu","category-primer-equip","tag-besos-baron-de-viver","tag-fundacio-esportiva-grama","tag-segunda-catalana"],"_links":{"self":[{"href":"http:\/\/fegrama.cat\/web\/wp-json\/wp\/v2\/posts\/20852","targetHints":{"allow":["GET"]}}],"collection":[{"href":"http:\/\/fegrama.cat\/web\/wp-json\/wp\/v2\/posts"}],"about":[{"href":"http:\/\/fegrama.cat\/web\/wp-json\/wp\/v2\/types\/post"}],"author":[{"embeddable":true,"href":"http:\/\/fegrama.cat\/web\/wp-json\/wp\/v2\/users\/1"}],"replies":[{"embeddable":true,"href":"http:\/\/fegrama.cat\/web\/wp-json\/wp\/v2\/comments?post=20852"}],"version-history":[{"count":1,"href":"http:\/\/fegrama.cat\/web\/wp-json\/wp\/v2\/posts\/20852\/revisions"}],"predecessor-version":[{"id":20854,"href":"http:\/\/fegrama.cat\/web\/wp-json\/wp\/v2\/posts\/20852\/revisions\/20854"}],"wp:featuredmedia":[{"embeddable":true,"href":"http:\/\/fegrama.cat\/web\/wp-json\/wp\/v2\/media\/20853"}],"wp:attachment":[{"href":"http:\/\/fegrama.cat\/web\/wp-json\/wp\/v2\/media?parent=20852"}],"wp:term":[{"taxonomy":"category","embeddable":true,"href":"http:\/\/fegrama.cat\/web\/wp-json\/wp\/v2\/categories?post=20852"},{"taxonomy":"post_tag","embeddable":true,"href":"http:\/\/fegrama.cat\/web\/wp-json\/wp\/v2\/tags?post=20852"}],"curies":[{"name":"wp","href":"https:\/\/api.w.org\/{rel}","templated":true}]}}