{"id":20850,"date":"2017-05-07T17:54:14","date_gmt":"2017-05-07T16:54:14","guid":{"rendered":"http:\/\/fegrama.cat\/web\/?p=20850"},"modified":"2017-05-07T17:54:14","modified_gmt":"2017-05-07T16:54:14","slug":"gran-victoria-de-linfantil-b","status":"publish","type":"post","link":"http:\/\/fegrama.cat\/web\/gran-victoria-de-linfantil-b\/","title":{"rendered":"Gran vict\u00f2ria de l&#8217;Infantil B"},"content":{"rendered":"<p>L&#8217;Infantil B va fer un gran treball i va aconseguir guanyar 3-0 al tercer classificat, el FC Can Buxeres.<\/p>\n<p>Partit rod\u00f3 en tots els aspectes del joc per part de l&#8217;equip de Dani Anguita. Els colomencs van sortir creient i sent superiors al seu rival en totes les facetes. Damian va avan\u00e7ar al seu equip amb un inapel\u00b7lable cop de cap. El Can Buxeres que es jugava l&#8217;ascens va ser superat pels locals i el millor que es van portar al descans va ser un resultat curt i injust per les nombroses ocasions de gol fallades per la Grama.<\/p>\n<p>A la segona meitat mateixa t\u00f2nica, el partit va seguir sent de la Grama i despr\u00e9s del desgast f\u00edsic que van realitzar els locals l&#8217;equip visitant va abaixar els bra\u00e7os a l&#8217;encaixar el 2-0. En els minuts finals arribaria el 3-0 en un c\u00f3rner. Sens dubte va ser un dels millors partits complets per l&#8217;Infantil B, arriben al final de temporada en un gran estat de forma.<\/p>\n<p><a href=\"http:\/\/fegrama.cat\/web\/wp-content\/uploads\/2017\/04\/IMG-20170415-WA0018.jpg\"><img loading=\"lazy\" decoding=\"async\" class=\"aligncenter\" alt=\"IMG-20170415-WA0018\" src=\"http:\/\/fegrama.cat\/web\/wp-content\/uploads\/2017\/04\/IMG-20170415-WA0018-1024x768.jpg\" width=\"561\" height=\"421\" \/><\/a><strong><\/strong><\/p>\n<p>El Infantil B hizo un gran trabajo y consigui\u00f3 ganar 3-0 al tercer clasificado, el FC Can Buxeres.<\/p>\n<p>Partido redondo en todos los aspectos del juego por parte del equipo de Dani Anguita. Los colomenses salieron creyendo y siendo superiores a su rival en todas las facetas. Damian adelant\u00f3 a su equipo con un inapelable cabezazo. El Can Buxeres que se jugaba el ascenso fue superado por los locales y lo mejor que se llevaron al descanso fue un resultado corto e injusto por las numerosas ocasiones de gol falladas por la Grama.<\/p>\n<p>En la segunda mitad misma t\u00f3nica, el partido sigui\u00f3 siendo de la Grama y tras el desgaste f\u00edsico que derrocharon los locales el equipo visitante baj\u00f3 los brazos al encajar el 2-0. En los minutos finales llegar\u00eda el 3-0 en un c\u00f3rner. Sin duda fue uno de los mejores partidos completos por el Infantil B, llegan al final de temporada en un gran estado de forma.<\/p>\n","protected":false},"excerpt":{"rendered":"<p>L&#8217;Infantil B va fer un gran treball i va aconseguir guanyar 3-0 al tercer classificat, el FC Can Buxeres. Partit rod\u00f3 en tots els aspectes del joc per part de l&#8217;equip de Dani Anguita. Els colomencs van sortir creient i sent superiors al seu rival en totes les facetes. Damian va avan\u00e7ar al seu equip [&hellip;]<\/p>\n","protected":false},"author":1,"featured_media":0,"comment_status":"closed","ping_status":"closed","sticky":false,"template":"","format":"standard","meta":{"footnotes":""},"categories":[4,9],"tags":[24,1145],"class_list":["post-20850","post","type-post","status-publish","format-standard","hentry","category-base-inclusiu","category-infantils","tag-fundacio-esportiva-grama","tag-municipal-de-la-grama"],"_links":{"self":[{"href":"http:\/\/fegrama.cat\/web\/wp-json\/wp\/v2\/posts\/20850","targetHints":{"allow":["GET"]}}],"collection":[{"href":"http:\/\/fegrama.cat\/web\/wp-json\/wp\/v2\/posts"}],"about":[{"href":"http:\/\/fegrama.cat\/web\/wp-json\/wp\/v2\/types\/post"}],"author":[{"embeddable":true,"href":"http:\/\/fegrama.cat\/web\/wp-json\/wp\/v2\/users\/1"}],"replies":[{"embeddable":true,"href":"http:\/\/fegrama.cat\/web\/wp-json\/wp\/v2\/comments?post=20850"}],"version-history":[{"count":1,"href":"http:\/\/fegrama.cat\/web\/wp-json\/wp\/v2\/posts\/20850\/revisions"}],"predecessor-version":[{"id":20851,"href":"http:\/\/fegrama.cat\/web\/wp-json\/wp\/v2\/posts\/20850\/revisions\/20851"}],"wp:attachment":[{"href":"http:\/\/fegrama.cat\/web\/wp-json\/wp\/v2\/media?parent=20850"}],"wp:term":[{"taxonomy":"category","embeddable":true,"href":"http:\/\/fegrama.cat\/web\/wp-json\/wp\/v2\/categories?post=20850"},{"taxonomy":"post_tag","embeddable":true,"href":"http:\/\/fegrama.cat\/web\/wp-json\/wp\/v2\/tags?post=20850"}],"curies":[{"name":"wp","href":"https:\/\/api.w.org\/{rel}","templated":true}]}}