{"id":20846,"date":"2017-05-06T16:38:18","date_gmt":"2017-05-06T15:38:18","guid":{"rendered":"http:\/\/fegrama.cat\/web\/?p=20846"},"modified":"2017-05-07T16:38:52","modified_gmt":"2017-05-07T15:38:52","slug":"derrota-dolorosa-de-lalevi-g-a-nou-barris","status":"publish","type":"post","link":"http:\/\/fegrama.cat\/web\/derrota-dolorosa-de-lalevi-g-a-nou-barris\/","title":{"rendered":"Derrota dolorosa de l&#8217;Alev\u00ed G a Nou Barris"},"content":{"rendered":"<p>Derrota molt dolorosa de l&#8217;Alev\u00ed G per 7-6 davant el CF Monta\u00f1esa E, cuer de la lliga.<\/p>\n<p>Els colomencs es van posar 0-2 amb gols de Kilian i Adri\u00e1n, i \u00e9s que la Grama sempre va estar per davant en el marcador. Els locals nom\u00e9s van aconseguir acostar-se al marcador diverses vegades. Al descans el marcador indicava un 2-4, Isaac va fer els dos gols del segon quart.<\/p>\n<p>La Fundaci\u00f3 no aconseguia anar-se&#8217;n a m\u00e9s de tres gols, sempre dos a dalt. A la segona meitat Isaac i Kilian van marcar per al seu equip, i amb 4-6 en el marcador arribaria la remuntada de la Monta\u00f1esa en els \u00faltims minuts.<\/p>\n<div><a href=\"http:\/\/fegrama.cat\/web\/wp-content\/uploads\/2016\/11\/AG.jpg\"><img loading=\"lazy\" decoding=\"async\" class=\"aligncenter\" alt=\"AG\" src=\"http:\/\/fegrama.cat\/web\/wp-content\/uploads\/2016\/11\/AG.jpg\" width=\"550\" height=\"354\" \/><\/a><strong><\/strong><\/div>\n<div><\/div>\n<div>Derrota muy dolorosa del Alev\u00edn G por 7-6 ante el CF Monta\u00f1esa E, colista de la liga.<\/div>\n<div><\/div>\n<div>Los colomenses se pusieron 0-2 con goles de Kilian y Adri\u00e1n, y es que la Grama siempre estuvo por delante en el marcador. Los locales solamente consiguieron acercarse en el marcador varias veces. Al descanso el marcador indicaba un 2-4, Isaac hizo los dos goles del segundo cuarto.<\/div>\n<div><\/div>\n<div>La Fundaci\u00f3 no consegu\u00eda marcharse a m\u00e1s de tres goles, siempre dos arriba. En la segunda mitad Isaac y Kilian marcaron para su equipo, y con 4-6 en el marcador llegar\u00eda la remontada de la Monta\u00f1esa en los \u00faltimos minutos.<\/div>\n","protected":false},"excerpt":{"rendered":"<p>Derrota molt dolorosa de l&#8217;Alev\u00ed G per 7-6 davant el CF Monta\u00f1esa E, cuer de la lliga. Els colomencs es van posar 0-2 amb gols de Kilian i Adri\u00e1n, i \u00e9s que la Grama sempre va estar per davant en el marcador. Els locals nom\u00e9s van aconseguir acostar-se al marcador diverses vegades. Al descans el [&hellip;]<\/p>\n","protected":false},"author":1,"featured_media":0,"comment_status":"closed","ping_status":"closed","sticky":false,"template":"","format":"standard","meta":{"footnotes":""},"categories":[10,4],"tags":[],"class_list":["post-20846","post","type-post","status-publish","format-standard","hentry","category-alevins","category-base-inclusiu"],"_links":{"self":[{"href":"http:\/\/fegrama.cat\/web\/wp-json\/wp\/v2\/posts\/20846","targetHints":{"allow":["GET"]}}],"collection":[{"href":"http:\/\/fegrama.cat\/web\/wp-json\/wp\/v2\/posts"}],"about":[{"href":"http:\/\/fegrama.cat\/web\/wp-json\/wp\/v2\/types\/post"}],"author":[{"embeddable":true,"href":"http:\/\/fegrama.cat\/web\/wp-json\/wp\/v2\/users\/1"}],"replies":[{"embeddable":true,"href":"http:\/\/fegrama.cat\/web\/wp-json\/wp\/v2\/comments?post=20846"}],"version-history":[{"count":1,"href":"http:\/\/fegrama.cat\/web\/wp-json\/wp\/v2\/posts\/20846\/revisions"}],"predecessor-version":[{"id":20847,"href":"http:\/\/fegrama.cat\/web\/wp-json\/wp\/v2\/posts\/20846\/revisions\/20847"}],"wp:attachment":[{"href":"http:\/\/fegrama.cat\/web\/wp-json\/wp\/v2\/media?parent=20846"}],"wp:term":[{"taxonomy":"category","embeddable":true,"href":"http:\/\/fegrama.cat\/web\/wp-json\/wp\/v2\/categories?post=20846"},{"taxonomy":"post_tag","embeddable":true,"href":"http:\/\/fegrama.cat\/web\/wp-json\/wp\/v2\/tags?post=20846"}],"curies":[{"name":"wp","href":"https:\/\/api.w.org\/{rel}","templated":true}]}}