{"id":20844,"date":"2017-05-07T16:28:21","date_gmt":"2017-05-07T15:28:21","guid":{"rendered":"http:\/\/fegrama.cat\/web\/?p=20844"},"modified":"2017-05-07T16:28:21","modified_gmt":"2017-05-07T15:28:21","slug":"els-veterans-a-prop-del-titol-de-lliga","status":"publish","type":"post","link":"http:\/\/fegrama.cat\/web\/els-veterans-a-prop-del-titol-de-lliga\/","title":{"rendered":"Els Veterans a prop del t\u00edtol de lliga"},"content":{"rendered":"<p>Emocionant partit el disputat a la matinal de diumenge al Municipal de la Grama. Els nostres Veterans no podien fallar i van sortir al camp intentant guanyar sense especular i sempre ben ordenats i controlant la pilota. Davant van tenir al Rosario Central que \u00e9s un gran equip, molt lluitador i que sempre crea molt perill.<\/p>\n<p>A la primera part, va haver poques ocasions de perill per ambdues parts, domini de la Grama per\u00f2 sense arribar a l&#8217;exc\u00e9s. Els dos equips es van retirar al t\u00fanel de vestidors sense marcar un gol. La segona part va ser diferent, la Fundaci\u00f3 va ser m\u00e9s incisiva i van comen\u00e7ar a arribar les ocasions. En una d&#8217;elles, un centre de Kaki seria rematat impecablement de cap per Juanlu (1-0).<\/p>\n<p>Els visitants llavors van avan\u00e7ar l\u00ednies i va arribar amb perill a la porteria local per\u00f2 un gran Salguero ho va parar tot. El xoc estava molt obert fins que una pilota va arribar a l&#8217;\u00c0lex, va deixar assegut al defensa i amb un xut al pal curt donava la tranquil\u00b7litat necess\u00e0ria al seu equip. Jairo de penal va tancar el partit.<\/p>\n<p>Tres punts m\u00e9s i la setmana que ve arribar\u00e0 l&#8217;\u00faltim partit contra el pen\u00faltim classificat. La Fundaci\u00f3 dep\u00e8n de si mateixa per proclamar-se campi\u00f3 de lliga.<\/p>\n<p><a href=\"http:\/\/fegrama.cat\/web\/wp-content\/uploads\/2016\/09\/veteranos16.jpg\"><img loading=\"lazy\" decoding=\"async\" class=\"aligncenter  wp-image-17368\" alt=\"veteranos16\" src=\"http:\/\/fegrama.cat\/web\/wp-content\/uploads\/2016\/09\/veteranos16.jpg\" width=\"640\" height=\"480\" srcset=\"http:\/\/fegrama.cat\/web\/wp-content\/uploads\/2016\/09\/veteranos16.jpg 800w, http:\/\/fegrama.cat\/web\/wp-content\/uploads\/2016\/09\/veteranos16-300x225.jpg 300w\" sizes=\"auto, (max-width: 640px) 100vw, 640px\" \/><\/a><\/p>\n<p>Emocionante partido el disputado en la matinal de domingo en el Municipal de la Grama. Nuestros Veteranos no pod\u00edan fallar y salieron al campo intentando ganar sin especular y siempre bien ordenados y controlando el bal\u00f3n. Delante tuvieron al Rosario Central que es un gran equipo, muy luchador y que siempre crea mucho peligro.<\/p>\n<p>En la primera parte, hubo pocas ocasiones de peligro por ambas partes, dominio de la Grama pero sin llegar en exceso. Los dos equipos se retiraron al t\u00fanel de vestuarios sin marcar un gol. La segunda parte fue diferente, la Fundaci\u00f3 fue m\u00e1s incisiva y empezaron a llegar las ocasiones. En una de ellas, un centro de Kaki ser\u00eda rematado impecablemente de cabeza por Juanlu (1-0).<\/p>\n<p>Los visitantes entonces avanzaron l\u00edneas y lleg\u00f3 con peligro a la porter\u00eda local pero un gran Salguero lo par\u00f3 todo. El choque estaba muy abierto hasta que un bal\u00f3n lleg\u00f3 a \u00c0lex, que dej\u00f3 sentado al defensa y con un chut al palo corto daba la tranquilidad necesaria a su equipo. Jairo de penalti cerr\u00f3 el partido.<\/p>\n<p>Tres puntos m\u00e1s y la semana que viene llegar\u00e1 el \u00faltimo partido contra el pen\u00faltimo clasificado. La Fundaci\u00f3 depende de s\u00ed misma para proclamarse campe\u00f3n de liga.<\/p>\n","protected":false},"excerpt":{"rendered":"<p>Emocionant partit el disputat a la matinal de diumenge al Municipal de la Grama. Els nostres Veterans no podien fallar i van sortir al camp intentant guanyar sense especular i sempre ben ordenats i controlant la pilota. Davant van tenir al Rosario Central que \u00e9s un gran equip, molt lluitador i que sempre crea molt [&hellip;]<\/p>\n","protected":false},"author":1,"featured_media":17368,"comment_status":"closed","ping_status":"closed","sticky":false,"template":"","format":"standard","meta":{"footnotes":""},"categories":[4,751],"tags":[24,1145],"class_list":["post-20844","post","type-post","status-publish","format-standard","has-post-thumbnail","hentry","category-base-inclusiu","category-veterans","tag-fundacio-esportiva-grama","tag-municipal-de-la-grama"],"_links":{"self":[{"href":"http:\/\/fegrama.cat\/web\/wp-json\/wp\/v2\/posts\/20844","targetHints":{"allow":["GET"]}}],"collection":[{"href":"http:\/\/fegrama.cat\/web\/wp-json\/wp\/v2\/posts"}],"about":[{"href":"http:\/\/fegrama.cat\/web\/wp-json\/wp\/v2\/types\/post"}],"author":[{"embeddable":true,"href":"http:\/\/fegrama.cat\/web\/wp-json\/wp\/v2\/users\/1"}],"replies":[{"embeddable":true,"href":"http:\/\/fegrama.cat\/web\/wp-json\/wp\/v2\/comments?post=20844"}],"version-history":[{"count":1,"href":"http:\/\/fegrama.cat\/web\/wp-json\/wp\/v2\/posts\/20844\/revisions"}],"predecessor-version":[{"id":20845,"href":"http:\/\/fegrama.cat\/web\/wp-json\/wp\/v2\/posts\/20844\/revisions\/20845"}],"wp:featuredmedia":[{"embeddable":true,"href":"http:\/\/fegrama.cat\/web\/wp-json\/wp\/v2\/media\/17368"}],"wp:attachment":[{"href":"http:\/\/fegrama.cat\/web\/wp-json\/wp\/v2\/media?parent=20844"}],"wp:term":[{"taxonomy":"category","embeddable":true,"href":"http:\/\/fegrama.cat\/web\/wp-json\/wp\/v2\/categories?post=20844"},{"taxonomy":"post_tag","embeddable":true,"href":"http:\/\/fegrama.cat\/web\/wp-json\/wp\/v2\/tags?post=20844"}],"curies":[{"name":"wp","href":"https:\/\/api.w.org\/{rel}","templated":true}]}}