{"id":20840,"date":"2017-05-06T17:35:18","date_gmt":"2017-05-06T16:35:18","guid":{"rendered":"http:\/\/fegrama.cat\/web\/?p=20840"},"modified":"2017-05-07T16:09:31","modified_gmt":"2017-05-07T15:09:31","slug":"al-xevi-ramon-lalevi-d-va-caure-derrotat","status":"publish","type":"post","link":"http:\/\/fegrama.cat\/web\/al-xevi-ramon-lalevi-d-va-caure-derrotat\/","title":{"rendered":"Al Xevi Ram\u00f3n l&#8217;Alev\u00ed D va caure derrotat"},"content":{"rendered":"<p>L&#8217;Alev\u00ed D va caure derrotat per un volumin\u00f3s 8-2 davant la UE Vilassar de Mar D.<\/p>\n<p>Els colomencs van comen\u00e7ar amb dubtes, les cobertures no arribaven, tampoc tenien la pilota &#8230; no estaven fent un bon partit. A poc a poc van anar millorant en defensa i tamb\u00e9 en el joc, acabant la primera meitat molt b\u00e9 i amb un resultat ajustat de 3-2. En el tercer quart el Vilassar va marcar un gol m\u00e9s davant d&#8217;una Grama que va estar for\u00e7a b\u00e9.<\/p>\n<p>En l&#8217;\u00faltim quart la Grama va baixar les forces i aix\u00f2 els condemnaria ha rebre quatre gols m\u00e9s.<\/p>\n<p><a href=\"http:\/\/fegrama.cat\/web\/wp-content\/uploads\/2016\/11\/aleD.jpg\"><img loading=\"lazy\" decoding=\"async\" class=\"aligncenter\" alt=\"aleD\" src=\"http:\/\/fegrama.cat\/web\/wp-content\/uploads\/2016\/11\/aleD.jpg\" width=\"594\" height=\"518\" \/><\/a><strong><\/strong><\/p>\n<p>El Alev\u00edn D cay\u00f3 derrotado por un abultado 8-2 ante la UE Vilassar de Mar D.<\/p>\n<p>Los colomenses empezaron con dudas, las coberturas no\u00a0 llegaban, tampoco ten\u00edan la pelota&#8230; no estaban haciendo un buen partido. Poco a poco fueron mejorando en defensa y tambi\u00e9n en el juego, acabando la primera mitad muy bien y con un resultado ajustado de 3-2. En el tercer cuarto el Vilassar marc\u00f3 un gol m\u00e1s ante una Grama que estuvo bastante bien.<\/p>\n<p>En el \u00faltimo cuarto la Grama baj\u00f3 las fuerzas y eso les condenar\u00eda ha recibir cuatro goles m\u00e1s.<\/p>\n","protected":false},"excerpt":{"rendered":"<p>L&#8217;Alev\u00ed D va caure derrotat per un volumin\u00f3s 8-2 davant la UE Vilassar de Mar D. Els colomencs van comen\u00e7ar amb dubtes, les cobertures no arribaven, tampoc tenien la pilota &#8230; no estaven fent un bon partit. A poc a poc van anar millorant en defensa i tamb\u00e9 en el joc, acabant la primera meitat [&hellip;]<\/p>\n","protected":false},"author":1,"featured_media":0,"comment_status":"closed","ping_status":"closed","sticky":false,"template":"","format":"standard","meta":{"footnotes":""},"categories":[10,4],"tags":[],"class_list":["post-20840","post","type-post","status-publish","format-standard","hentry","category-alevins","category-base-inclusiu"],"_links":{"self":[{"href":"http:\/\/fegrama.cat\/web\/wp-json\/wp\/v2\/posts\/20840","targetHints":{"allow":["GET"]}}],"collection":[{"href":"http:\/\/fegrama.cat\/web\/wp-json\/wp\/v2\/posts"}],"about":[{"href":"http:\/\/fegrama.cat\/web\/wp-json\/wp\/v2\/types\/post"}],"author":[{"embeddable":true,"href":"http:\/\/fegrama.cat\/web\/wp-json\/wp\/v2\/users\/1"}],"replies":[{"embeddable":true,"href":"http:\/\/fegrama.cat\/web\/wp-json\/wp\/v2\/comments?post=20840"}],"version-history":[{"count":1,"href":"http:\/\/fegrama.cat\/web\/wp-json\/wp\/v2\/posts\/20840\/revisions"}],"predecessor-version":[{"id":20841,"href":"http:\/\/fegrama.cat\/web\/wp-json\/wp\/v2\/posts\/20840\/revisions\/20841"}],"wp:attachment":[{"href":"http:\/\/fegrama.cat\/web\/wp-json\/wp\/v2\/media?parent=20840"}],"wp:term":[{"taxonomy":"category","embeddable":true,"href":"http:\/\/fegrama.cat\/web\/wp-json\/wp\/v2\/categories?post=20840"},{"taxonomy":"post_tag","embeddable":true,"href":"http:\/\/fegrama.cat\/web\/wp-json\/wp\/v2\/tags?post=20840"}],"curies":[{"name":"wp","href":"https:\/\/api.w.org\/{rel}","templated":true}]}}