{"id":20838,"date":"2017-05-07T10:00:54","date_gmt":"2017-05-07T09:00:54","guid":{"rendered":"http:\/\/fegrama.cat\/web\/?p=20838"},"modified":"2017-05-07T17:07:19","modified_gmt":"2017-05-07T16:07:19","slug":"golejada-de-linfantil-d-al-municipal-de-la-grama","status":"publish","type":"post","link":"http:\/\/fegrama.cat\/web\/golejada-de-linfantil-d-al-municipal-de-la-grama\/","title":{"rendered":"Golejada de l&#8217;Infantil D al Municipal de la Grama"},"content":{"rendered":"<p>L&#8217;Infantil D va guanyar 6-1 al FC Sant Mart\u00ed-Condal C, cuer de la lliga.<\/p>\n<p>Partit c\u00f2mode de la Grama que va ser molt superior al seu rival. Bona primera meitat dels colomencs, tan sols els va faltar jugar una mica m\u00e9s en equip i menys individualment. Un gol en pr\u00f2pia porta va posar als visitants per davant en el marcador i el mateix jugador de la Grama tamb\u00e9 faria l&#8217;1-1.<\/p>\n<p>Un gol d&#8217;H\u00e9ctor Garc\u00eda donaria avantatge al seu equip abans del descans. A la segona meitat la Grama va jugar molt m\u00e9s en equip, associant-se millor i fruit d&#8217;aix\u00f2 van arribar quatre gols m\u00e9s. Marc Mart\u00ednez amb un doblet, Nil Rib\u00f3 i H\u00e9ctor Garc\u00eda van augmentar el resultat. El conjunt visitant no va tenir ocasions clares i els colomencs van desaprofitar m\u00e9s d&#8217;una ocasi\u00f3.<\/p>\n<div><a href=\"http:\/\/fegrama.cat\/web\/wp-content\/uploads\/2017\/01\/ID.jpg\"><img loading=\"lazy\" decoding=\"async\" class=\"aligncenter\" alt=\"ID\" src=\"http:\/\/fegrama.cat\/web\/wp-content\/uploads\/2017\/01\/ID-1024x814.jpg\" width=\"618\" height=\"491\" \/><\/a><strong><\/strong><\/div>\n<p>El Infantil D gan\u00f3 6-1 al FC Sant Mart\u00ed-Condal C, colista de la liga.<\/p>\n<p>Partido c\u00f3modo de la Grama que fue muy superior a su rival. Buena primera mitad de los colomenses, tan s\u00f3lo les falt\u00f3 jugar un poco m\u00e1s en equipo y menos individualmente. Un gol en propia puerta puso a los visitantes por delante en el marcador y el mismo jugador de la Grama tambi\u00e9n har\u00eda el 1-1.<\/p>\n<p>Un gol de H\u00e9ctor Garc\u00eda dar\u00eda ventaja a su equipo antes del descanso. En la segunda mitad la Grama jug\u00f3 mucho m\u00e1s en equipo, asoci\u00e1ndose mejor y fruto de ello llegaron cuatro goles m\u00e1s. Marc Mart\u00ednez con un doblete, Nil Rib\u00f3 y H\u00e9ctor Garc\u00eda aumentaron el resultado. El conjunto visitante no tuvo ocasiones claras y los colomenses desaprovecharon m\u00e1s de una ocasi\u00f3n.<\/p>\n","protected":false},"excerpt":{"rendered":"<p>L&#8217;Infantil D va guanyar 6-1 al FC Sant Mart\u00ed-Condal C, cuer de la lliga. Partit c\u00f2mode de la Grama que va ser molt superior al seu rival. Bona primera meitat dels colomencs, tan sols els va faltar jugar una mica m\u00e9s en equip i menys individualment. Un gol en pr\u00f2pia porta va posar als visitants [&hellip;]<\/p>\n","protected":false},"author":1,"featured_media":0,"comment_status":"closed","ping_status":"closed","sticky":false,"template":"","format":"standard","meta":{"footnotes":""},"categories":[4,9],"tags":[24,1145],"class_list":["post-20838","post","type-post","status-publish","format-standard","hentry","category-base-inclusiu","category-infantils","tag-fundacio-esportiva-grama","tag-municipal-de-la-grama"],"_links":{"self":[{"href":"http:\/\/fegrama.cat\/web\/wp-json\/wp\/v2\/posts\/20838","targetHints":{"allow":["GET"]}}],"collection":[{"href":"http:\/\/fegrama.cat\/web\/wp-json\/wp\/v2\/posts"}],"about":[{"href":"http:\/\/fegrama.cat\/web\/wp-json\/wp\/v2\/types\/post"}],"author":[{"embeddable":true,"href":"http:\/\/fegrama.cat\/web\/wp-json\/wp\/v2\/users\/1"}],"replies":[{"embeddable":true,"href":"http:\/\/fegrama.cat\/web\/wp-json\/wp\/v2\/comments?post=20838"}],"version-history":[{"count":3,"href":"http:\/\/fegrama.cat\/web\/wp-json\/wp\/v2\/posts\/20838\/revisions"}],"predecessor-version":[{"id":20849,"href":"http:\/\/fegrama.cat\/web\/wp-json\/wp\/v2\/posts\/20838\/revisions\/20849"}],"wp:attachment":[{"href":"http:\/\/fegrama.cat\/web\/wp-json\/wp\/v2\/media?parent=20838"}],"wp:term":[{"taxonomy":"category","embeddable":true,"href":"http:\/\/fegrama.cat\/web\/wp-json\/wp\/v2\/categories?post=20838"},{"taxonomy":"post_tag","embeddable":true,"href":"http:\/\/fegrama.cat\/web\/wp-json\/wp\/v2\/tags?post=20838"}],"curies":[{"name":"wp","href":"https:\/\/api.w.org\/{rel}","templated":true}]}}