{"id":20828,"date":"2017-05-06T18:55:55","date_gmt":"2017-05-06T17:55:55","guid":{"rendered":"http:\/\/fegrama.cat\/web\/?p=20828"},"modified":"2017-05-07T10:45:18","modified_gmt":"2017-05-07T09:45:18","slug":"victoria-treballada-del-benjami-d","status":"publish","type":"post","link":"http:\/\/fegrama.cat\/web\/victoria-treballada-del-benjami-d\/","title":{"rendered":"Vict\u00f2ria treballada del Benjam\u00ed D"},"content":{"rendered":"<p>El Benjam\u00ed D va guanyar 6-1 al CD Pomar B i s&#8217;acosta m\u00e9s al campionat de lliga.<\/p>\n<p>Primers dos quarts complicats i igualats, els colomencs no van aconseguir realitzar el seu joc ni tampoc ser efectius de cara a porta. El seu rival va estar perfecte en tasques defensives i tamb\u00e9 en les l\u00ednies de passada i atac. Un solitari gol de David Gracia al quart d&#8217;hora va donar avantatge al seu equip, amb aquest 1-0 la Fundaci\u00f3 va marxar a vestidors.<\/p>\n<p>A la segona meitat el gui\u00f3 canviaria, la Grama es va fer la propiet\u00e0ria del xoc jugant b\u00e9 a futbol i poc a poc van anar caient els gols. Quatre gols de Gabriel Cort\u00e9s i un d&#8217;\u00c1lvaro Moreno van augmentar l&#8217;avantatge, el Pomar poc va poder fer per\u00f2 si que va aconseguir marcar el gol de l&#8217;honor.<\/p>\n<p style=\"text-align: center;\"><a href=\"http:\/\/fegrama.cat\/web\/wp-content\/uploads\/2017\/03\/IMG-20170223-WA0006.jpg\"><img loading=\"lazy\" decoding=\"async\" alt=\"IMG-20170223-WA0006\" src=\"http:\/\/fegrama.cat\/web\/wp-content\/uploads\/2017\/03\/IMG-20170223-WA0006-1024x682.jpg\" width=\"618\" height=\"411\" \/><\/a><strong><\/strong><\/p>\n<p>El Benjam\u00edn D gan\u00f3 6-1 al CD Pomar B y se acerca m\u00e1s al campeonato de liga.<\/p>\n<p>Primeros dos cuartos complicados e igualados, los colomenses no consiguieron realizar su juego ni tampoco ser efectivos de cara a puerta. Su rival estuvo perfecto en tareas defensivas y tambi\u00e9n en las l\u00edneas de pase y ataque. Un solitario gol de David Gracia al cuarto de hora dio ventaja a su equipo, con ese 1-0 la Fundaci\u00f3 se march\u00f3 a vestuarios.<\/p>\n<p>En la segunda mitad el gui\u00f3n cambiar\u00eda, la Grama se hizo la due\u00f1a del choque jugando bien al f\u00fatbol y poco a poco fueron cayendo los goles. Cuatro goles de Gabriel Cort\u00e9s y uno de \u00c1lvaro Moreno aumentaron la ventaja, el Pomar poco pudo hacer pero si que consigui\u00f3 marcar el gol del honor.<\/p>\n","protected":false},"excerpt":{"rendered":"<p>El Benjam\u00ed D va guanyar 6-1 al CD Pomar B i s&#8217;acosta m\u00e9s al campionat de lliga. Primers dos quarts complicats i igualats, els colomencs no van aconseguir realitzar el seu joc ni tampoc ser efectius de cara a porta. El seu rival va estar perfecte en tasques defensives i tamb\u00e9 en les l\u00ednies de [&hellip;]<\/p>\n","protected":false},"author":1,"featured_media":18377,"comment_status":"closed","ping_status":"closed","sticky":false,"template":"","format":"standard","meta":{"footnotes":""},"categories":[4,11],"tags":[24,1145],"class_list":["post-20828","post","type-post","status-publish","format-standard","has-post-thumbnail","hentry","category-base-inclusiu","category-benjamins","tag-fundacio-esportiva-grama","tag-municipal-de-la-grama"],"_links":{"self":[{"href":"http:\/\/fegrama.cat\/web\/wp-json\/wp\/v2\/posts\/20828","targetHints":{"allow":["GET"]}}],"collection":[{"href":"http:\/\/fegrama.cat\/web\/wp-json\/wp\/v2\/posts"}],"about":[{"href":"http:\/\/fegrama.cat\/web\/wp-json\/wp\/v2\/types\/post"}],"author":[{"embeddable":true,"href":"http:\/\/fegrama.cat\/web\/wp-json\/wp\/v2\/users\/1"}],"replies":[{"embeddable":true,"href":"http:\/\/fegrama.cat\/web\/wp-json\/wp\/v2\/comments?post=20828"}],"version-history":[{"count":1,"href":"http:\/\/fegrama.cat\/web\/wp-json\/wp\/v2\/posts\/20828\/revisions"}],"predecessor-version":[{"id":20829,"href":"http:\/\/fegrama.cat\/web\/wp-json\/wp\/v2\/posts\/20828\/revisions\/20829"}],"wp:featuredmedia":[{"embeddable":true,"href":"http:\/\/fegrama.cat\/web\/wp-json\/wp\/v2\/media\/18377"}],"wp:attachment":[{"href":"http:\/\/fegrama.cat\/web\/wp-json\/wp\/v2\/media?parent=20828"}],"wp:term":[{"taxonomy":"category","embeddable":true,"href":"http:\/\/fegrama.cat\/web\/wp-json\/wp\/v2\/categories?post=20828"},{"taxonomy":"post_tag","embeddable":true,"href":"http:\/\/fegrama.cat\/web\/wp-json\/wp\/v2\/tags?post=20828"}],"curies":[{"name":"wp","href":"https:\/\/api.w.org\/{rel}","templated":true}]}}