{"id":20826,"date":"2017-05-07T10:35:52","date_gmt":"2017-05-07T09:35:52","guid":{"rendered":"http:\/\/fegrama.cat\/web\/?p=20826"},"modified":"2017-05-07T10:35:52","modified_gmt":"2017-05-07T09:35:52","slug":"derrota-ajustada-del-benjami-a-davant-del-quart","status":"publish","type":"post","link":"http:\/\/fegrama.cat\/web\/derrota-ajustada-del-benjami-a-davant-del-quart\/","title":{"rendered":"Derrota ajustada del Benjam\u00ed A davant del quart"},"content":{"rendered":"<p>El Benjam\u00ed A va caure derrotat a casa per 2-3 davant la PB Anguera, quart de la lliga.<\/p>\n<p>Partit irregular davant un bon rival, els colomencs es van avan\u00e7ar al marcador amb gol d&#8217;Albert Singh per\u00f2 tot i aix\u00ed no van estar mai c\u00f2modes. Amb un gol\u00e0s la Anguera va aconseguir empatar. Primer quart igualat i segon dominat per l&#8217;equip groc, arribant al descans amb 1-1.<\/p>\n<p>A la segona meitat Xavier Mart\u00edn va posar per davant de nou a la Grama. A partir del 2-1 els blaus es van anar enrere i els nens de la Penya Barcelonista es van fer els amos del xoc aconseguint amb dos bons gols donar-li la volta al resultat. Amb 2-3 la Fundaci\u00f3 es va bolcar a la recerca de l&#8217;empat per\u00f2 no ho van aconseguir.<\/p>\n<p style=\"text-align: center;\"><a href=\"http:\/\/fegrama.cat\/web\/wp-content\/uploads\/2016\/10\/benjA.jpg\"><img loading=\"lazy\" decoding=\"async\" alt=\"benjA\" src=\"http:\/\/fegrama.cat\/web\/wp-content\/uploads\/2016\/10\/benjA.jpg\" width=\"557\" height=\"417\" \/><\/a><\/p>\n<p style=\"text-align: left;\"><span style=\"text-align: left;\">El Benjam\u00edn A cay\u00f3 derrotado en casa por 2-3 ante la PB Anguera, cuarto de la liga.<\/span><\/p>\n<p style=\"text-align: left;\">Partido irregular ante un buen rival, los colomenses se adelantaron en el marcador con gol de Albert Singh pero a\u00fan as\u00ed no estuvieron nunca c\u00f3modos. Con un golazo la Anguera consigui\u00f3 empatar. Primer cuarto igualado y segundo dominado por el equipo amarillo, llegando al descanso con 1-1.<\/p>\n<p style=\"text-align: left;\">En la segunda mitad Xavier Mart\u00edn puso por delante de nuevo a la Grama. A partir del 2-1 los azules se echaron para atr\u00e1s y los ni\u00f1os de la Pe\u00f1a Barcelonista se hicieron los due\u00f1os del choque consiguiendo con dos buenos goles darle la vuelta al resultado. Con 2-3 la Fundaci\u00f3 se volc\u00f3 en busca del empate pero no lo consiguieron.<\/p>\n","protected":false},"excerpt":{"rendered":"<p>El Benjam\u00ed A va caure derrotat a casa per 2-3 davant la PB Anguera, quart de la lliga. Partit irregular davant un bon rival, els colomencs es van avan\u00e7ar al marcador amb gol d&#8217;Albert Singh per\u00f2 tot i aix\u00ed no van estar mai c\u00f2modes. Amb un gol\u00e0s la Anguera va aconseguir empatar. Primer quart igualat [&hellip;]<\/p>\n","protected":false},"author":1,"featured_media":0,"comment_status":"closed","ping_status":"closed","sticky":false,"template":"","format":"standard","meta":{"footnotes":""},"categories":[4,11],"tags":[24,1145],"class_list":["post-20826","post","type-post","status-publish","format-standard","hentry","category-base-inclusiu","category-benjamins","tag-fundacio-esportiva-grama","tag-municipal-de-la-grama"],"_links":{"self":[{"href":"http:\/\/fegrama.cat\/web\/wp-json\/wp\/v2\/posts\/20826","targetHints":{"allow":["GET"]}}],"collection":[{"href":"http:\/\/fegrama.cat\/web\/wp-json\/wp\/v2\/posts"}],"about":[{"href":"http:\/\/fegrama.cat\/web\/wp-json\/wp\/v2\/types\/post"}],"author":[{"embeddable":true,"href":"http:\/\/fegrama.cat\/web\/wp-json\/wp\/v2\/users\/1"}],"replies":[{"embeddable":true,"href":"http:\/\/fegrama.cat\/web\/wp-json\/wp\/v2\/comments?post=20826"}],"version-history":[{"count":1,"href":"http:\/\/fegrama.cat\/web\/wp-json\/wp\/v2\/posts\/20826\/revisions"}],"predecessor-version":[{"id":20827,"href":"http:\/\/fegrama.cat\/web\/wp-json\/wp\/v2\/posts\/20826\/revisions\/20827"}],"wp:attachment":[{"href":"http:\/\/fegrama.cat\/web\/wp-json\/wp\/v2\/media?parent=20826"}],"wp:term":[{"taxonomy":"category","embeddable":true,"href":"http:\/\/fegrama.cat\/web\/wp-json\/wp\/v2\/categories?post=20826"},{"taxonomy":"post_tag","embeddable":true,"href":"http:\/\/fegrama.cat\/web\/wp-json\/wp\/v2\/tags?post=20826"}],"curies":[{"name":"wp","href":"https:\/\/api.w.org\/{rel}","templated":true}]}}