{"id":20824,"date":"2017-05-07T10:18:45","date_gmt":"2017-05-07T09:18:45","guid":{"rendered":"http:\/\/fegrama.cat\/web\/?p=20824"},"modified":"2017-05-07T10:18:45","modified_gmt":"2017-05-07T09:18:45","slug":"derrota-de-linfantil-c-a-can-drago","status":"publish","type":"post","link":"http:\/\/fegrama.cat\/web\/derrota-de-linfantil-c-a-can-drago\/","title":{"rendered":"Derrota de l&#8217;Infantil C a Can Drag\u00f3"},"content":{"rendered":"<p>L&#8217;Infantil C va caure derrotat 3-1 davant el CF Alzamora.<\/p>\n<p>F\u00edsicament el conjunt local era superior i va aconseguir ser efectiu amb el seu joc directe. Primera meitat igualada i amb un gol, l&#8217;Alzamora es va avan\u00e7ar en una falta frontal, una badada defensiva va deixar sol a un rival. Els colomencs es van recompondre i just abans del descans van aconseguir empatar.<\/p>\n<p>La segona meitat va ser semblant, de nou l&#8217;Alzamora es va aprofitar d&#8217;una fallada per posar-se per davant. La Grama es va bolcar i va tenir ocasions clares per\u00f2 no va aconseguir materialitzar-les. A un minut del final els locals en una altra falta a la frontal van tancar el xoc.<\/p>\n<p style=\"text-align: center;\"><a href=\"http:\/\/fegrama.cat\/web\/wp-content\/uploads\/2016\/12\/IC.jpg\"><img loading=\"lazy\" decoding=\"async\" alt=\"IC\" src=\"http:\/\/fegrama.cat\/web\/wp-content\/uploads\/2016\/12\/IC.jpg\" width=\"560\" height=\"503\" \/><\/a><strong><\/strong><\/p>\n<div><span style=\"text-align: center;\">El Infantil C cay\u00f3 derrotado 3-1 ante el CF Alzamora.<\/span><\/div>\n<div><\/div>\n<div>F\u00edsicamente el conjunto local era superior y consigui\u00f3 ser efectivo con su juego directo. Primera mitad igualada y con un gol, el Alzamora se adelant\u00f3 en una falta frontal, un despiste defensivo dej\u00f3 s\u00f3lo a un rival. Los colomenses se recompusieron y justo antes del descanso consiguieron empatar.<\/div>\n<div><\/div>\n<div>La segunda mitad fue parecida, de nuevo el Alzamora se aprovech\u00f3 de un fallo para ponerse por delante. La Grama se volc\u00f3 y tuvo ocasiones claras pero no consigui\u00f3 materializarlas. A un minuto del final los locales en otra falta en la frontal cerraron el choque.<\/div>\n","protected":false},"excerpt":{"rendered":"<p>L&#8217;Infantil C va caure derrotat 3-1 davant el CF Alzamora. F\u00edsicament el conjunt local era superior i va aconseguir ser efectiu amb el seu joc directe. Primera meitat igualada i amb un gol, l&#8217;Alzamora es va avan\u00e7ar en una falta frontal, una badada defensiva va deixar sol a un rival. Els colomencs es van recompondre [&hellip;]<\/p>\n","protected":false},"author":1,"featured_media":18734,"comment_status":"closed","ping_status":"closed","sticky":false,"template":"","format":"standard","meta":{"footnotes":""},"categories":[4,9],"tags":[24],"class_list":["post-20824","post","type-post","status-publish","format-standard","has-post-thumbnail","hentry","category-base-inclusiu","category-infantils","tag-fundacio-esportiva-grama"],"_links":{"self":[{"href":"http:\/\/fegrama.cat\/web\/wp-json\/wp\/v2\/posts\/20824","targetHints":{"allow":["GET"]}}],"collection":[{"href":"http:\/\/fegrama.cat\/web\/wp-json\/wp\/v2\/posts"}],"about":[{"href":"http:\/\/fegrama.cat\/web\/wp-json\/wp\/v2\/types\/post"}],"author":[{"embeddable":true,"href":"http:\/\/fegrama.cat\/web\/wp-json\/wp\/v2\/users\/1"}],"replies":[{"embeddable":true,"href":"http:\/\/fegrama.cat\/web\/wp-json\/wp\/v2\/comments?post=20824"}],"version-history":[{"count":1,"href":"http:\/\/fegrama.cat\/web\/wp-json\/wp\/v2\/posts\/20824\/revisions"}],"predecessor-version":[{"id":20825,"href":"http:\/\/fegrama.cat\/web\/wp-json\/wp\/v2\/posts\/20824\/revisions\/20825"}],"wp:featuredmedia":[{"embeddable":true,"href":"http:\/\/fegrama.cat\/web\/wp-json\/wp\/v2\/media\/18734"}],"wp:attachment":[{"href":"http:\/\/fegrama.cat\/web\/wp-json\/wp\/v2\/media?parent=20824"}],"wp:term":[{"taxonomy":"category","embeddable":true,"href":"http:\/\/fegrama.cat\/web\/wp-json\/wp\/v2\/categories?post=20824"},{"taxonomy":"post_tag","embeddable":true,"href":"http:\/\/fegrama.cat\/web\/wp-json\/wp\/v2\/tags?post=20824"}],"curies":[{"name":"wp","href":"https:\/\/api.w.org\/{rel}","templated":true}]}}