{"id":20822,"date":"2017-05-07T08:00:37","date_gmt":"2017-05-07T07:00:37","guid":{"rendered":"http:\/\/fegrama.cat\/web\/?p=20822"},"modified":"2017-05-07T08:00:37","modified_gmt":"2017-05-07T07:00:37","slug":"maneta-del-cadet-d-al-municipal-de-la-grama","status":"publish","type":"post","link":"http:\/\/fegrama.cat\/web\/maneta-del-cadet-d-al-municipal-de-la-grama\/","title":{"rendered":"Maneta del Cadet D al Municipal de la Grama"},"content":{"rendered":"<p>El Cadet D va guanyar amb facilitat per 5-1 al FC Sant Mart\u00ed-Condal C. Tercera jornada consecutiva sense perdre de la Fundaci\u00f3.<\/p>\n<p>Partit rere partit la FE Grama est\u00e0 millorant i aquesta setmana van poder celebrar una nova vict\u00f2ria. En el primer minut de joc Haissala va avan\u00e7ar als colomencs. Amb el marcador favorable als blaus van poder controlar tranquil\u00b7lament totes les facetes del joc i nom\u00e9s era q\u00fcesti\u00f3 de temps que els gols anessin arribant.<\/p>\n<p>Abans del descans Jordi i Erdain van marcar per als locals, i l&#8217;equip visitant va aconseguir retallar dist\u00e0ncies. A la segona meitat amb els canvis introdu\u00efts al Sant Mart\u00ed es va fer fort, dominant durant els primers deu minuts. Un cop la Grama es va assentar en el terreny de joc va tornar a demostrar la seva superioritat t\u00e8cnica i posicional, ampliant el marcador amb gols d&#8217;Adil i \u00c1lvaro.<\/p>\n<p><a href=\"http:\/\/fegrama.cat\/web\/wp-content\/uploads\/2017\/01\/CD.jpg\"><img loading=\"lazy\" decoding=\"async\" class=\"aligncenter\" alt=\"CD\" src=\"http:\/\/fegrama.cat\/web\/wp-content\/uploads\/2017\/01\/CD.jpg\" width=\"640\" height=\"480\" \/><\/a><\/p>\n<p>El Cadete D gan\u00f3 con facilidad por 5-1 al FC Sant Mart\u00ed-Condal C. Tercera jornada consecutiva sin perder de la Fundaci\u00f3.<\/p>\n<p>Partido tras partido la FE Grama est\u00e1 mejorando y esta semana pudieron celebrar una nueva victoria. En el primer minuto de juego Haissala adelant\u00f3 a los colomenses. Con el marcador favorable los azules pudieron controlar tranquilamente todas las facetas del juego y solo era cuesti\u00f3n de tiempo que los goles fueran llegando.<\/p>\n<p>Antes del descanso Jordi y Erdain marcaron para los los locales, y el equipo visitante consigui\u00f3 recortar distancias. En la segunda mitad con los cambios introducidos el Sant Mart\u00ed se hizo fuerte, dominando durante los primeros diez minutos. Una vez la Grama se asent\u00f3 en el terreno de juego volvi\u00f3 a demostrar su superioridad t\u00e9cnica y posicional, ampliando el marcador con goles de Adil y \u00c1lvaro.<\/p>\n","protected":false},"excerpt":{"rendered":"<p>El Cadet D va guanyar amb facilitat per 5-1 al FC Sant Mart\u00ed-Condal C. Tercera jornada consecutiva sense perdre de la Fundaci\u00f3. Partit rere partit la FE Grama est\u00e0 millorant i aquesta setmana van poder celebrar una nova vict\u00f2ria. En el primer minut de joc Haissala va avan\u00e7ar als colomencs. Amb el marcador favorable als [&hellip;]<\/p>\n","protected":false},"author":1,"featured_media":0,"comment_status":"closed","ping_status":"closed","sticky":false,"template":"","format":"standard","meta":{"footnotes":""},"categories":[4,7],"tags":[24,1145],"class_list":["post-20822","post","type-post","status-publish","format-standard","hentry","category-base-inclusiu","category-cadets","tag-fundacio-esportiva-grama","tag-municipal-de-la-grama"],"_links":{"self":[{"href":"http:\/\/fegrama.cat\/web\/wp-json\/wp\/v2\/posts\/20822","targetHints":{"allow":["GET"]}}],"collection":[{"href":"http:\/\/fegrama.cat\/web\/wp-json\/wp\/v2\/posts"}],"about":[{"href":"http:\/\/fegrama.cat\/web\/wp-json\/wp\/v2\/types\/post"}],"author":[{"embeddable":true,"href":"http:\/\/fegrama.cat\/web\/wp-json\/wp\/v2\/users\/1"}],"replies":[{"embeddable":true,"href":"http:\/\/fegrama.cat\/web\/wp-json\/wp\/v2\/comments?post=20822"}],"version-history":[{"count":1,"href":"http:\/\/fegrama.cat\/web\/wp-json\/wp\/v2\/posts\/20822\/revisions"}],"predecessor-version":[{"id":20823,"href":"http:\/\/fegrama.cat\/web\/wp-json\/wp\/v2\/posts\/20822\/revisions\/20823"}],"wp:attachment":[{"href":"http:\/\/fegrama.cat\/web\/wp-json\/wp\/v2\/media?parent=20822"}],"wp:term":[{"taxonomy":"category","embeddable":true,"href":"http:\/\/fegrama.cat\/web\/wp-json\/wp\/v2\/categories?post=20822"},{"taxonomy":"post_tag","embeddable":true,"href":"http:\/\/fegrama.cat\/web\/wp-json\/wp\/v2\/tags?post=20822"}],"curies":[{"name":"wp","href":"https:\/\/api.w.org\/{rel}","templated":true}]}}