{"id":20820,"date":"2017-05-07T10:20:22","date_gmt":"2017-05-07T09:20:22","guid":{"rendered":"http:\/\/fegrama.cat\/web\/?p=20820"},"modified":"2017-05-07T10:21:35","modified_gmt":"2017-05-07T09:21:35","slug":"linfantil-a-va-caure-al-municipal-de-la-grama","status":"publish","type":"post","link":"http:\/\/fegrama.cat\/web\/linfantil-a-va-caure-al-municipal-de-la-grama\/","title":{"rendered":"L&#8217;Infantil A va caure al Municipal de la Grama"},"content":{"rendered":"<p>L&#8217;Infantil A va caure derrotat 2-4 davant el Tecnof\u00fatbol B. La lliga es posa molt complicada ja que el l\u00edder s&#8217;escapa amb 6 punts d&#8217;avantatge a falta de tres jornades.<\/p>\n<p>La segona derrota de la temporada va arribar davant un rival que com l&#8217;\u00faltima vegada es va tornar a refor\u00e7ar amb el seu jugador estrella de Preferent. Aquest jugador va ser determinant, va avan\u00e7ar al seu equip i va marcar en la segona meitat els dos gols de la vict\u00f2ria. La Grama va lluitar i va fer una bona primera meitat per\u00f2 no va poder frenar a l&#8217;atacant del Tecnof\u00fatbol.<\/p>\n<p>Abdellah amb dos grans gols de vaselina va aconseguir dues vegades empatar el marcador. Els dos equips es van retirar al t\u00fanel de vestidors amb empat a 2. A la segona meitat la Fundaci\u00f3 va estar b\u00e9 per\u00f2 sense sort de cara a porta.<\/p>\n<div>\n<p><a href=\"http:\/\/fegrama.cat\/web\/wp-content\/uploads\/2016\/10\/infA.jpg\"><img loading=\"lazy\" decoding=\"async\" class=\"aligncenter\" alt=\"infA\" src=\"http:\/\/fegrama.cat\/web\/wp-content\/uploads\/2016\/10\/infA.jpg\" width=\"640\" height=\"464\" \/><\/a><strong><\/strong><\/p>\n<\/div>\n<div>El Infantil A cay\u00f3 derrotado 2-4 ante el Tecnof\u00fatbol B. La liga se pone muy complicada ya que el l\u00edder se escapa con 6 puntos de ventaja a falta de tres jornadas.<\/div>\n<div><\/div>\n<div>La segunda derrota de la temporada lleg\u00f3 ante un rival que como la \u00faltima vez se volvi\u00f3 a reforzar con su jugador estrella de Preferente. Ese jugador fue determinante, adelant\u00f3 a su equipo y marc\u00f3 en la segunda mitad los dos goles de la victoria. La Grama luch\u00f3 e hizo una buena primera mitad pero no pudo frenar al atacante del Tecnof\u00fatbol.<\/div>\n<div><\/div>\n<div>Abdellah con dos grandes goles de vaselina consigui\u00f3 dos veces empatar el marcador. Los dos equipos se retiraron al t\u00fanel de vestuarios con empate a 2. En la segunda mitad la Fundaci\u00f3 estuvo bien pero sin suerte de cara a puerta.<\/div>\n","protected":false},"excerpt":{"rendered":"<p>L&#8217;Infantil A va caure derrotat 2-4 davant el Tecnof\u00fatbol B. La lliga es posa molt complicada ja que el l\u00edder s&#8217;escapa amb 6 punts d&#8217;avantatge a falta de tres jornades. La segona derrota de la temporada va arribar davant un rival que com l&#8217;\u00faltima vegada es va tornar a refor\u00e7ar amb el seu jugador estrella [&hellip;]<\/p>\n","protected":false},"author":1,"featured_media":17869,"comment_status":"closed","ping_status":"closed","sticky":false,"template":"","format":"standard","meta":{"footnotes":""},"categories":[4,9],"tags":[24,1145],"class_list":["post-20820","post","type-post","status-publish","format-standard","has-post-thumbnail","hentry","category-base-inclusiu","category-infantils","tag-fundacio-esportiva-grama","tag-municipal-de-la-grama"],"_links":{"self":[{"href":"http:\/\/fegrama.cat\/web\/wp-json\/wp\/v2\/posts\/20820","targetHints":{"allow":["GET"]}}],"collection":[{"href":"http:\/\/fegrama.cat\/web\/wp-json\/wp\/v2\/posts"}],"about":[{"href":"http:\/\/fegrama.cat\/web\/wp-json\/wp\/v2\/types\/post"}],"author":[{"embeddable":true,"href":"http:\/\/fegrama.cat\/web\/wp-json\/wp\/v2\/users\/1"}],"replies":[{"embeddable":true,"href":"http:\/\/fegrama.cat\/web\/wp-json\/wp\/v2\/comments?post=20820"}],"version-history":[{"count":1,"href":"http:\/\/fegrama.cat\/web\/wp-json\/wp\/v2\/posts\/20820\/revisions"}],"predecessor-version":[{"id":20821,"href":"http:\/\/fegrama.cat\/web\/wp-json\/wp\/v2\/posts\/20820\/revisions\/20821"}],"wp:featuredmedia":[{"embeddable":true,"href":"http:\/\/fegrama.cat\/web\/wp-json\/wp\/v2\/media\/17869"}],"wp:attachment":[{"href":"http:\/\/fegrama.cat\/web\/wp-json\/wp\/v2\/media?parent=20820"}],"wp:term":[{"taxonomy":"category","embeddable":true,"href":"http:\/\/fegrama.cat\/web\/wp-json\/wp\/v2\/categories?post=20820"},{"taxonomy":"post_tag","embeddable":true,"href":"http:\/\/fegrama.cat\/web\/wp-json\/wp\/v2\/tags?post=20820"}],"curies":[{"name":"wp","href":"https:\/\/api.w.org\/{rel}","templated":true}]}}