{"id":20805,"date":"2017-05-06T18:50:08","date_gmt":"2017-05-06T17:50:08","guid":{"rendered":"http:\/\/fegrama.cat\/web\/?p=20805"},"modified":"2017-05-06T18:50:08","modified_gmt":"2017-05-06T17:50:08","slug":"set-gols-del-benjami-e-a-les-oliveres","status":"publish","type":"post","link":"http:\/\/fegrama.cat\/web\/set-gols-del-benjami-e-a-les-oliveres\/","title":{"rendered":"Set gols del Benjam\u00ed E a Les Oliveres"},"content":{"rendered":"<p>El Benjam\u00ed E va golejar 7-1 a l&#8217;AE La Salut Pere Gol E.<\/p>\n<p>El partit va comen\u00e7ar molt b\u00e9 per als colomencs que van obrir el marcador al minut 2 gr\u00e0cies al gol d&#8217;Izan Leal. Aprofitant una fallada defensiva el Pere Gol va aconseguir empatar per\u00f2 poc els duraria l&#8217;alegria doncs primer H\u00e9ctor Moreno i tres minuts despr\u00e9s Ismael El Faddaoui van posar un 3-1 tranquil\u00b7litzador.<\/p>\n<p>La Grama va saber jugar i portar el partit al seu terreny, creant moltes ocasions de gol i jugant molt b\u00e9 al futbol. Samuel David, Marcos Felipe, i una altra vegada Ismael i H\u00e9ctor van ampliar el resultat.<\/p>\n<p><a href=\"http:\/\/fegrama.cat\/web\/wp-content\/uploads\/2016\/11\/BE.jpg\"><img loading=\"lazy\" decoding=\"async\" class=\"aligncenter\" alt=\"BE\" src=\"http:\/\/fegrama.cat\/web\/wp-content\/uploads\/2016\/11\/BE.jpg\" width=\"538\" height=\"387\" \/><\/a><\/p>\n<p>El Benjam\u00edn E gole\u00f3 7-1 a la AE La Salut Pere Gol E.<\/p>\n<p>El partido comenz\u00f3 muy bien para los colomenses que abrieron el marcador en el minuto 2 gracias al gol de Izan Leal. Aprovechando un fallo defensivo el Pere Gol consigui\u00f3 empatar pero poco les durar\u00eda la alegr\u00eda pues primero H\u00e9ctor Moreno y tres minutos despu\u00e9s Ismael El Faddaoui pusieron un 3-1 tranquilizador.<\/p>\n<p>La Grama supo jugar y llevar el partido a su terreno, creando muchas ocasiones de gol y jugando muy bien al f\u00fatbol. Samuel David, Marcos Felipe, y otra vez Ismael y H\u00e9ctor ampliaron el resultado.<\/p>\n","protected":false},"excerpt":{"rendered":"<p>El Benjam\u00ed E va golejar 7-1 a l&#8217;AE La Salut Pere Gol E. El partit va comen\u00e7ar molt b\u00e9 per als colomencs que van obrir el marcador al minut 2 gr\u00e0cies al gol d&#8217;Izan Leal. Aprofitant una fallada defensiva el Pere Gol va aconseguir empatar per\u00f2 poc els duraria l&#8217;alegria doncs primer H\u00e9ctor Moreno i [&hellip;]<\/p>\n","protected":false},"author":1,"featured_media":0,"comment_status":"closed","ping_status":"closed","sticky":false,"template":"","format":"standard","meta":{"footnotes":""},"categories":[4,11],"tags":[24,802],"class_list":["post-20805","post","type-post","status-publish","format-standard","hentry","category-base-inclusiu","category-benjamins","tag-fundacio-esportiva-grama","tag-municipal-les-oliveres"],"_links":{"self":[{"href":"http:\/\/fegrama.cat\/web\/wp-json\/wp\/v2\/posts\/20805","targetHints":{"allow":["GET"]}}],"collection":[{"href":"http:\/\/fegrama.cat\/web\/wp-json\/wp\/v2\/posts"}],"about":[{"href":"http:\/\/fegrama.cat\/web\/wp-json\/wp\/v2\/types\/post"}],"author":[{"embeddable":true,"href":"http:\/\/fegrama.cat\/web\/wp-json\/wp\/v2\/users\/1"}],"replies":[{"embeddable":true,"href":"http:\/\/fegrama.cat\/web\/wp-json\/wp\/v2\/comments?post=20805"}],"version-history":[{"count":1,"href":"http:\/\/fegrama.cat\/web\/wp-json\/wp\/v2\/posts\/20805\/revisions"}],"predecessor-version":[{"id":20806,"href":"http:\/\/fegrama.cat\/web\/wp-json\/wp\/v2\/posts\/20805\/revisions\/20806"}],"wp:attachment":[{"href":"http:\/\/fegrama.cat\/web\/wp-json\/wp\/v2\/media?parent=20805"}],"wp:term":[{"taxonomy":"category","embeddable":true,"href":"http:\/\/fegrama.cat\/web\/wp-json\/wp\/v2\/categories?post=20805"},{"taxonomy":"post_tag","embeddable":true,"href":"http:\/\/fegrama.cat\/web\/wp-json\/wp\/v2\/tags?post=20805"}],"curies":[{"name":"wp","href":"https:\/\/api.w.org\/{rel}","templated":true}]}}