{"id":20803,"date":"2017-05-06T17:31:14","date_gmt":"2017-05-06T16:31:14","guid":{"rendered":"http:\/\/fegrama.cat\/web\/?p=20803"},"modified":"2017-05-06T19:08:03","modified_gmt":"2017-05-06T18:08:03","slug":"lalevi-e-va-golejar-a-la-bascula","status":"publish","type":"post","link":"http:\/\/fegrama.cat\/web\/lalevi-e-va-golejar-a-la-bascula\/","title":{"rendered":"L&#8217;Alev\u00ed E va golejar a La B\u00e0scula"},"content":{"rendered":"<p>L&#8217;Alev\u00ed E va guanyar 2-10 davant la UE Sants F.<\/p>\n<p>Partit molt c\u00f2mode per a la Grama que va estar correcta en tots els aspectes del joc i va ser superior al seu rival des del xiulet inicial. Guillem, \u00cdker Sola, Emili i Jordi van deixar sentenciat el xoc en la primera part, el marcador al descans era de 1-4. L&#8217;equip local va estar descentrat, oblidant-se de jugar.<\/p>\n<p>A la segona meitat la Grama va augmentar l&#8217;avantatge amb gols de: Nil amb un hat-trick, \u00cdker Quintana per partida doble i un en pr\u00f2pia porta.<\/p>\n<p><img loading=\"lazy\" decoding=\"async\" class=\"aligncenter\" alt=\"alevE\" src=\"http:\/\/fegrama.cat\/web\/wp-content\/uploads\/2016\/10\/alevE.jpg\" width=\"634\" height=\"433\" \/><\/p>\n<p>El Alev\u00edn E gan\u00f3 2-10 ante la UE Sants F.<\/p>\n<p>Partido muy c\u00f3modo para la Grama que estuvo correcta en todos los aspectos del juego y fue superior a su rival desde el pitido inicial. Guillem, \u00cdker Sola, Emili y Jordi dejaron sentenciado el choque en la primera parte, el marcador al descanso era de 1-4. El equipo local estuvo descentrado, olvid\u00e1ndose de jugar.<\/p>\n<p>En la segunda mitad la Grama aument\u00f3 la ventaja con goles de: Nil con un hat-trick, \u00cdker Quintana por partida doble y uno en propia puerta.<\/p>\n","protected":false},"excerpt":{"rendered":"<p>L&#8217;Alev\u00ed E va guanyar 2-10 davant la UE Sants F. Partit molt c\u00f2mode per a la Grama que va estar correcta en tots els aspectes del joc i va ser superior al seu rival des del xiulet inicial. Guillem, \u00cdker Sola, Emili i Jordi van deixar sentenciat el xoc en la primera part, el marcador [&hellip;]<\/p>\n","protected":false},"author":1,"featured_media":17844,"comment_status":"closed","ping_status":"closed","sticky":false,"template":"","format":"standard","meta":{"footnotes":""},"categories":[10,4],"tags":[],"class_list":["post-20803","post","type-post","status-publish","format-standard","has-post-thumbnail","hentry","category-alevins","category-base-inclusiu"],"_links":{"self":[{"href":"http:\/\/fegrama.cat\/web\/wp-json\/wp\/v2\/posts\/20803","targetHints":{"allow":["GET"]}}],"collection":[{"href":"http:\/\/fegrama.cat\/web\/wp-json\/wp\/v2\/posts"}],"about":[{"href":"http:\/\/fegrama.cat\/web\/wp-json\/wp\/v2\/types\/post"}],"author":[{"embeddable":true,"href":"http:\/\/fegrama.cat\/web\/wp-json\/wp\/v2\/users\/1"}],"replies":[{"embeddable":true,"href":"http:\/\/fegrama.cat\/web\/wp-json\/wp\/v2\/comments?post=20803"}],"version-history":[{"count":1,"href":"http:\/\/fegrama.cat\/web\/wp-json\/wp\/v2\/posts\/20803\/revisions"}],"predecessor-version":[{"id":20804,"href":"http:\/\/fegrama.cat\/web\/wp-json\/wp\/v2\/posts\/20803\/revisions\/20804"}],"wp:featuredmedia":[{"embeddable":true,"href":"http:\/\/fegrama.cat\/web\/wp-json\/wp\/v2\/media\/17844"}],"wp:attachment":[{"href":"http:\/\/fegrama.cat\/web\/wp-json\/wp\/v2\/media?parent=20803"}],"wp:term":[{"taxonomy":"category","embeddable":true,"href":"http:\/\/fegrama.cat\/web\/wp-json\/wp\/v2\/categories?post=20803"},{"taxonomy":"post_tag","embeddable":true,"href":"http:\/\/fegrama.cat\/web\/wp-json\/wp\/v2\/tags?post=20803"}],"curies":[{"name":"wp","href":"https:\/\/api.w.org\/{rel}","templated":true}]}}