{"id":20801,"date":"2017-05-06T17:41:19","date_gmt":"2017-05-06T16:41:19","guid":{"rendered":"http:\/\/fegrama.cat\/web\/?p=20801"},"modified":"2017-05-06T17:41:19","modified_gmt":"2017-05-06T16:41:19","slug":"lalevi-c-va-caure-contra-el-jabac","status":"publish","type":"post","link":"http:\/\/fegrama.cat\/web\/lalevi-c-va-caure-contra-el-jabac\/","title":{"rendered":"L&#8217;Alev\u00ed C va caure contra el Jabac"},"content":{"rendered":"<p>L&#8217;Alev\u00ed C no va aconseguir puntuar davant la UFB Jabac i Terrassa C despr\u00e9s de caure 2-3 a casa.<\/p>\n<p>Un gol matiner va posar per davant en el marcador a un equip visitant que va tenir m\u00e9s la pilota que el seu rival, sent superiors la major parte del partit. A la recta final del segon quart el Jabac va aconseguir el 0-2 i poc despr\u00e9s Marc Naranjo va retallar dist\u00e0ncies per a la Grama. Despr\u00e9s del pas per vestidors mateix gui\u00f3 per\u00f2 els blaus van millorar en el joc creant perill i movent b\u00e9 la pilota.<\/p>\n<p>Van encaixar l&#8217;1-3 i faltant tres minuts per al final Jos\u00e9 Del R\u00edo va marcar el 2-3. La Grama es va bolcar en atac a la recerca de l&#8217;empat per\u00f2 no van tenir sort de cara a gol.<\/p>\n<p><img loading=\"lazy\" decoding=\"async\" class=\"aligncenter\" alt=\"IMG-20161015-WA0011\" src=\"http:\/\/fegrama.cat\/web\/wp-content\/uploads\/2016\/10\/IMG-20161015-WA0011.jpg\" width=\"717\" height=\"403\" \/><\/p>\n<p>El Alev\u00edn C no consigui\u00f3 puntuar ante la UFB Jabac i Terrassa C tras caer 2-3 en casa.<\/p>\n<p>Un gol tempranero puso por delante en el marcador a un equipo visitante que tuvo m\u00e1s la pelota que su rival, siendo superiores la mayor parte del partido. En la recta final del segundo cuarto el Jabac consigui\u00f3 el 0-2 y poco despu\u00e9s Marc Naranjo recort\u00f3 distancias para la Grama. Tras el paso por vestuarios mismo gui\u00f3n pero los azules mejoraron en el juego creando peligro y moviendo bien la pelota.<\/p>\n<p>Encajaron el 1-3 y faltando tres minutos para el final Jos\u00e9 Del R\u00edo marc\u00f3 el 2-3. La Grama se volc\u00f3 en ataque en busca del empate pero no tuvieron suerte de cara a gol.<\/p>\n","protected":false},"excerpt":{"rendered":"<p>L&#8217;Alev\u00ed C no va aconseguir puntuar davant la UFB Jabac i Terrassa C despr\u00e9s de caure 2-3 a casa. Un gol matiner va posar per davant en el marcador a un equip visitant que va tenir m\u00e9s la pilota que el seu rival, sent superiors la major parte del partit. A la recta final del [&hellip;]<\/p>\n","protected":false},"author":1,"featured_media":9647,"comment_status":"closed","ping_status":"closed","sticky":false,"template":"","format":"standard","meta":{"footnotes":""},"categories":[10,4],"tags":[24],"class_list":["post-20801","post","type-post","status-publish","format-standard","has-post-thumbnail","hentry","category-alevins","category-base-inclusiu","tag-fundacio-esportiva-grama"],"_links":{"self":[{"href":"http:\/\/fegrama.cat\/web\/wp-json\/wp\/v2\/posts\/20801","targetHints":{"allow":["GET"]}}],"collection":[{"href":"http:\/\/fegrama.cat\/web\/wp-json\/wp\/v2\/posts"}],"about":[{"href":"http:\/\/fegrama.cat\/web\/wp-json\/wp\/v2\/types\/post"}],"author":[{"embeddable":true,"href":"http:\/\/fegrama.cat\/web\/wp-json\/wp\/v2\/users\/1"}],"replies":[{"embeddable":true,"href":"http:\/\/fegrama.cat\/web\/wp-json\/wp\/v2\/comments?post=20801"}],"version-history":[{"count":1,"href":"http:\/\/fegrama.cat\/web\/wp-json\/wp\/v2\/posts\/20801\/revisions"}],"predecessor-version":[{"id":20802,"href":"http:\/\/fegrama.cat\/web\/wp-json\/wp\/v2\/posts\/20801\/revisions\/20802"}],"wp:featuredmedia":[{"embeddable":true,"href":"http:\/\/fegrama.cat\/web\/wp-json\/wp\/v2\/media\/9647"}],"wp:attachment":[{"href":"http:\/\/fegrama.cat\/web\/wp-json\/wp\/v2\/media?parent=20801"}],"wp:term":[{"taxonomy":"category","embeddable":true,"href":"http:\/\/fegrama.cat\/web\/wp-json\/wp\/v2\/categories?post=20801"},{"taxonomy":"post_tag","embeddable":true,"href":"http:\/\/fegrama.cat\/web\/wp-json\/wp\/v2\/tags?post=20801"}],"curies":[{"name":"wp","href":"https:\/\/api.w.org\/{rel}","templated":true}]}}