{"id":20796,"date":"2017-05-06T17:10:16","date_gmt":"2017-05-06T16:10:16","guid":{"rendered":"http:\/\/fegrama.cat\/web\/?p=20796"},"modified":"2017-05-06T17:10:16","modified_gmt":"2017-05-06T16:10:16","slug":"remuntada-de-lalevi-f-a-badalona","status":"publish","type":"post","link":"http:\/\/fegrama.cat\/web\/remuntada-de-lalevi-f-a-badalona\/","title":{"rendered":"Remuntada de l&#8217;Alev\u00ed F a Badalona"},"content":{"rendered":"<p dir=\"ltr\">L\u2019Alev\u00ed F va guanyar 3-6 a la Unificaci\u00f3 Llefi\u00e0 D fent una bona remuntada.<\/p>\n<p dir=\"ltr\">Dins del vestuari els entrenadors i jugadors van parlar de que haurien d&#8217;intentar resoldre el partit en els dos primers quarts, ja que el Llefi\u00e0 \u00e9s un equip intens i no para d&#8217;intentar -ho fins al final. Per\u00f2 no va ser aix\u00ed. A la mitja part la Grama va marxar amb el resultat en contra de 3-1. No havien jugat malament per\u00f2 en fase defensiva no van estar intensos, i en la fase atacant faltava la \u00faltima passada que fos la correcta.<\/p>\n<p dir=\"ltr\">A la mitja part ho van parlar, i van rectificar alguna cosa t\u00e0ctica i aix\u00ed l&#8217;equip es va posar les piles en fase defensiva. La Grama va poder remuntar r\u00e0pid amb gols de: Hugo Mart\u00ednez i Miquel Batlle per partida doble, Alan i Lluis Marfa.<\/p>\n<blockquote>\n<p dir=\"ltr\">Jacob Ferrer: \u00abEstic molt content de veure les ganes que posen els jugadors, amb quina empenta i quina actitud han tingut per millorar un resultat gens a favor.\u00bb<\/p>\n<\/blockquote>\n<p dir=\"ltr\" style=\"text-align: left;\"><a href=\"http:\/\/fegrama.cat\/web\/wp-content\/uploads\/2016\/11\/AF.jpg\"><img loading=\"lazy\" decoding=\"async\" class=\"aligncenter  wp-image-18436\" alt=\"AF\" src=\"http:\/\/fegrama.cat\/web\/wp-content\/uploads\/2016\/11\/AF.jpg\" width=\"560\" height=\"470\" srcset=\"http:\/\/fegrama.cat\/web\/wp-content\/uploads\/2016\/11\/AF.jpg 800w, http:\/\/fegrama.cat\/web\/wp-content\/uploads\/2016\/11\/AF-300x252.jpg 300w\" sizes=\"auto, (max-width: 560px) 100vw, 560px\" \/><\/a><\/p>\n<p dir=\"ltr\" style=\"text-align: left;\">El Alev\u00edn F gan\u00f3 3-6 la Unificaci\u00f3n Llefi\u00e0 D haciendo una buena remontada.<\/p>\n<p dir=\"ltr\" style=\"text-align: left;\">Dentro del vestuario los entrenadores y jugadores hablaron de que deber\u00edan intentar resolver el partido en los dos primeros cuartos, ya que el Llefi\u00e0 es un equipo intenso y no para de intentarlo hasta el final. Pero no fue as\u00ed. Al descanso la Grama se march\u00f3 con el resultado en contra de 3-1. No hab\u00edan jugado mal pero en fase defensiva no estuvieron intensos, y en la fase atacando faltaba la \u00faltima pasada que fuera la correcta.<\/p>\n<p dir=\"ltr\" style=\"text-align: left;\">En la media parte lo hablaron, y rectificaron algo la t\u00e1ctica y as\u00ed el equipo se puso las pilas en fase defensiva. La Grama pudo remontar r\u00e1pido con goles de: Hugo Mart\u00ednez y Miquel Batlle por partida doble, Alan y Lluis Marfa.<\/p>\n<blockquote>\n<p dir=\"ltr\" style=\"text-align: left;\">Jacob Ferrer: \u00abEstoy muy contento de ver las ganas que ponen los jugadores, con qu\u00e9 empuje y qu\u00e9 actitud han tenido para mejorar un resultado nada a favor.\u00bb<\/p>\n<\/blockquote>\n","protected":false},"excerpt":{"rendered":"<p>L\u2019Alev\u00ed F va guanyar 3-6 a la Unificaci\u00f3 Llefi\u00e0 D fent una bona remuntada. Dins del vestuari els entrenadors i jugadors van parlar de que haurien d&#8217;intentar resoldre el partit en els dos primers quarts, ja que el Llefi\u00e0 \u00e9s un equip intens i no para d&#8217;intentar -ho fins al final. Per\u00f2 no va ser [&hellip;]<\/p>\n","protected":false},"author":1,"featured_media":18436,"comment_status":"closed","ping_status":"closed","sticky":false,"template":"","format":"standard","meta":{"footnotes":""},"categories":[10,4],"tags":[],"class_list":["post-20796","post","type-post","status-publish","format-standard","has-post-thumbnail","hentry","category-alevins","category-base-inclusiu"],"_links":{"self":[{"href":"http:\/\/fegrama.cat\/web\/wp-json\/wp\/v2\/posts\/20796","targetHints":{"allow":["GET"]}}],"collection":[{"href":"http:\/\/fegrama.cat\/web\/wp-json\/wp\/v2\/posts"}],"about":[{"href":"http:\/\/fegrama.cat\/web\/wp-json\/wp\/v2\/types\/post"}],"author":[{"embeddable":true,"href":"http:\/\/fegrama.cat\/web\/wp-json\/wp\/v2\/users\/1"}],"replies":[{"embeddable":true,"href":"http:\/\/fegrama.cat\/web\/wp-json\/wp\/v2\/comments?post=20796"}],"version-history":[{"count":1,"href":"http:\/\/fegrama.cat\/web\/wp-json\/wp\/v2\/posts\/20796\/revisions"}],"predecessor-version":[{"id":20798,"href":"http:\/\/fegrama.cat\/web\/wp-json\/wp\/v2\/posts\/20796\/revisions\/20798"}],"wp:featuredmedia":[{"embeddable":true,"href":"http:\/\/fegrama.cat\/web\/wp-json\/wp\/v2\/media\/18436"}],"wp:attachment":[{"href":"http:\/\/fegrama.cat\/web\/wp-json\/wp\/v2\/media?parent=20796"}],"wp:term":[{"taxonomy":"category","embeddable":true,"href":"http:\/\/fegrama.cat\/web\/wp-json\/wp\/v2\/categories?post=20796"},{"taxonomy":"post_tag","embeddable":true,"href":"http:\/\/fegrama.cat\/web\/wp-json\/wp\/v2\/tags?post=20796"}],"curies":[{"name":"wp","href":"https:\/\/api.w.org\/{rel}","templated":true}]}}